{"id":123730,"date":"2024-12-11T11:53:14","date_gmt":"2024-12-11T14:53:14","guid":{"rendered":"https:\/\/www.actualidadadiario.com\/?p=123730"},"modified":"2024-12-11T11:53:14","modified_gmt":"2024-12-11T14:53:14","slug":"los-servicios-publicos-registraron-una-baja-de-la-demanda-del-16-interanual-en-septiembre-de-2024","status":"publish","type":"post","link":"https:\/\/www.actualidadadiario.com\/index.php\/2024\/12\/11\/los-servicios-publicos-registraron-una-baja-de-la-demanda-del-16-interanual-en-septiembre-de-2024\/","title":{"rendered":"Los servicios p\u00fablicos registraron una baja de la demanda  del 1,6% interanual en septiembre de 2024"},"content":{"rendered":"<p style=\"text-align: center;\"><em><strong>El Indicador Sint\u00e9tico de Servicios P\u00fablicos (ISSP) registr\u00f3 una baja del 1,6% interanual respecto al mismo mes del a\u00f1o anterior, y una variaci\u00f3n positiva de 0,1% respecto de agosto de 2024<\/strong><\/em><\/p>\n<p>&nbsp;<\/p>\n<p>&nbsp;<\/p>\n<p>Seg\u00fan el informe publicado por el Instituto Nacional de Estad\u00edstica y Censo (INDEC), los servicios p\u00fablicos obtuvieron una ca\u00edda del 1,6% interanual en septiembre de 2024 y una leve suba de 0,1% respecto de agosto del mismo a\u00f1o.<\/p>\n<p>La demanda de energ\u00eda el\u00e9ctrica, gas y agua registr\u00f3 una baja de 5,2%, mientras que la recolecci\u00f3n de basura registr\u00f3 una variaci\u00f3n negativa del 1,5%.<\/p>\n<p>Por el lado de transportes: el de pasajeros tuvo una baja de 3,7%, el de carga registr\u00f3 una suba de 15,9% y peajes tuvo un registro negativo de 1,7%.<\/p>\n<p>El servicio de correo postal mostr\u00f3 un descenso de 1,9% y el sector de telefon\u00eda mostr\u00f3 una suba de 0,3%.<\/p>\n<p>En cuanto al \u00edndice de tendencia-ciclo (respecto al mes anterior), en el noveno mes del a\u00f1o registraron una variaci\u00f3n positiva la recolecci\u00f3n de residuos(1%), el transporte de pasajeros (0,1%), de carga (0,4%), peajes (0,6%), el servicio de correo (0,4%) y telefon\u00eda (cercana a 0).<\/p>\n<p>El \u00fanico sector que registr\u00f3 una variaci\u00f3n negativa fue el de electricidad, gas y agua (0,3%).<\/p>\n","protected":false},"excerpt":{"rendered":"<p>El Indicador Sint\u00e9tico de Servicios P\u00fablicos (ISSP) registr\u00f3 una baja del 1,6% interanual respecto al mismo mes del a\u00f1o anterior, y una variaci\u00f3n positiva de 0,1% respecto de agosto de 2024 &nbsp; &nbsp; Seg\u00fan el informe publicado por el Instituto Nacional de Estad\u00edstica y Censo (INDEC), los servicios p\u00fablicos obtuvieron una ca\u00edda del 1,6% interanual en septiembre de 2024 y una leve suba de 0,1% respecto de agosto del mismo a\u00f1o. La demanda de energ\u00eda el\u00e9ctrica, gas y agua registr\u00f3 una baja de 5,2%, mientras que la recolecci\u00f3n de basura&#8230;<\/p>\n","protected":false},"author":3,"featured_media":111040,"comment_status":"closed","ping_status":"closed","sticky":false,"template":"","format":"standard","meta":[],"categories":[2],"tags":[],"_links":{"self":[{"href":"https:\/\/www.actualidadadiario.com\/index.php\/wp-json\/wp\/v2\/posts\/123730"}],"collection":[{"href":"https:\/\/www.actualidadadiario.com\/index.php\/wp-json\/wp\/v2\/posts"}],"about":[{"href":"https:\/\/www.actualidadadiario.com\/index.php\/wp-json\/wp\/v2\/types\/post"}],"author":[{"embeddable":true,"href":"https:\/\/www.actualidadadiario.com\/index.php\/wp-json\/wp\/v2\/users\/3"}],"replies":[{"embeddable":true,"href":"https:\/\/www.actualidadadiario.com\/index.php\/wp-json\/wp\/v2\/comments?post=123730"}],"version-history":[{"count":1,"href":"https:\/\/www.actualidadadiario.com\/index.php\/wp-json\/wp\/v2\/posts\/123730\/revisions"}],"predecessor-version":[{"id":123731,"href":"https:\/\/www.actualidadadiario.com\/index.php\/wp-json\/wp\/v2\/posts\/123730\/revisions\/123731"}],"wp:featuredmedia":[{"embeddable":true,"href":"https:\/\/www.actualidadadiario.com\/index.php\/wp-json\/wp\/v2\/media\/111040"}],"wp:attachment":[{"href":"https:\/\/www.actualidadadiario.com\/index.php\/wp-json\/wp\/v2\/media?parent=123730"}],"wp:term":[{"taxonomy":"category","embeddable":true,"href":"https:\/\/www.actualidadadiario.com\/index.php\/wp-json\/wp\/v2\/categories?post=123730"},{"taxonomy":"post_tag","embeddable":true,"href":"https:\/\/www.actualidadadiario.com\/index.php\/wp-json\/wp\/v2\/tags?post=123730"}],"curies":[{"name":"wp","href":"https:\/\/api.w.org\/{rel}","templated":true}]}}