{"id":123726,"date":"2024-12-11T11:51:43","date_gmt":"2024-12-11T14:51:43","guid":{"rendered":"https:\/\/www.actualidadadiario.com\/?p=123726"},"modified":"2024-12-11T11:51:43","modified_gmt":"2024-12-11T14:51:43","slug":"alerta-por-ciclogenesis-en-argentina-cuando-llega-y-en-que-provincias-impactara-con-mas-fuerza-en-el-clima-2","status":"publish","type":"post","link":"https:\/\/www.actualidadadiario.com\/index.php\/2024\/12\/11\/alerta-por-ciclogenesis-en-argentina-cuando-llega-y-en-que-provincias-impactara-con-mas-fuerza-en-el-clima-2\/","title":{"rendered":"Alerta por ciclog\u00e9nesis en Argentina: cu\u00e1ndo llega y en qu\u00e9 provincias impactar\u00e1 con m\u00e1s fuerza en el clima"},"content":{"rendered":"<p style=\"text-align: center;\"><em><strong>El sitio Meteored prev\u00e9 el desarrollo de una ciclog\u00e9nesis sobre el sector norte del pa\u00eds. El mismo podr\u00eda estar asociado a lluvias abundantes hacia el final de la semana y se espera una marcada recomposici\u00f3n t\u00e9rmica<\/strong><\/em><\/p>\n<p>&nbsp;<\/p>\n<p>&nbsp;<\/p>\n<p>Luego de un fin de semana con marcas frescas, para lo que suele ser el mes de diciembre, se espera que la situaci\u00f3n se \u201cnormalice\u201d. La circulaci\u00f3n del viento norte promover\u00e1 un progresivo incremento t\u00e9rmico notable, sobre la franja central del pa\u00eds. As\u00ed, las marcas t\u00e9rmicas volver\u00e1n a los niveles medios para la \u00e9poca del a\u00f1o.<\/p>\n<p>Pero este incremento de la temperatura no perdurar\u00e1 demasiado. Hacia el final de la semana se espera que comience a formarse un centro de baja presi\u00f3n sobre el noreste argentino, lo que podr\u00eda estar asociado al desarrollo de lluvias y tormentas de variada intensidad.<\/p>\n<p>&nbsp;<\/p>\n<p><strong>Alerta ciclog\u00e9nesis en Argentina: cu\u00e1ndo llega y d\u00f3nde impactar\u00e1<\/strong><\/p>\n<p>Lo m\u00e1s significativo de los pr\u00f3ximos d\u00edas es la presencia de una masa de aire estable, con poca humedad y con la circulaci\u00f3n del viento del sector norte. Esto motivar\u00e1 a un progresivo incremento de las marcas t\u00e9rmicas a nivel generalizado, pero que se notar\u00e1 especialmente sobre la porci\u00f3n central del pa\u00eds.<\/p>\n<p>En las provincias de La Pampa, C\u00f3rdoba, Santa Fe y Buenos Aires se observar\u00e1 un aumento de la temperatura. Las m\u00e1ximas dejar\u00e1n de ubicarse entre los 22\u00baC y 24\u00baC, y pasar\u00e1n a una franja entre 32\u00baC y 35\u00baC, siendo el jueves el d\u00eda de mayor temperatura, con valores similares para el mi\u00e9rcoles.<\/p>\n<p>Con los registros m\u00ednimos suceder\u00e1 algo similar, con un incremento de pr\u00e1cticamente 10\u00baC comparando los valores del fin de semana pasado con los probables registros que se esperan para la mitad de la semana.<\/p>\n<p>Una nueva formaci\u00f3n de un centro de baja presi\u00f3n podr\u00eda desarrollarse hacia el final de esta semana, lo que facilitar\u00eda la presencia de lluvias y tormentas de variada intensidad sobre un amplio sector del norte argentino, pero particularmente sobre la porci\u00f3n noreste del pa\u00eds.<\/p>\n<p>A partir del viernes comenzar\u00eda a profundizarse un centro de baja presi\u00f3n sobre el norte del territorio nacional, que se ir\u00eda desplazando hacia el noreste con el transcurso del s\u00e1bado. Este tipo de fen\u00f3meno se relaciona al aumento de intensidad del viento y al potencial desarrollo de lluvias abundantes que podr\u00eda afectar a las provincias de Chaco, Corrientes, Formosa y Misiones.<\/p>\n<p>&nbsp;<\/p>\n<p><strong>Qu\u00e9 es una ciclog\u00e9nesis, el fen\u00f3meno del clima<\/strong><\/p>\n<p>La ciclog\u00e9nesis es un sistema de baja presi\u00f3n asociado a fuertes vientos y hace referencia al desarrollo de huracanes, tifones, borrascas, bajas polares, entre otros. Hay dos tipos de ciclog\u00e9nesis: la extratropical y la tropical. El primer caso se da en latitudes medias y es com\u00fan en las \u00e1reas donde se encuentran los frentes meteorol\u00f3gicos. Ah\u00ed, la interacci\u00f3n entre masas de aire fr\u00edo y c\u00e1lido provoca el desarrollo de sistemas de baja presi\u00f3n.<\/p>\n<p>Por su parte, la segunda sucede en regiones tropicales y subtropicales, donde las condiciones c\u00e1lidas y h\u00famedas son fundamentales. La formaci\u00f3n de ciclones tropicales, como huracanes y tifones, se relaciona con la ciclog\u00e9nesis tropical.<\/p>\n","protected":false},"excerpt":{"rendered":"<p>El sitio Meteored prev\u00e9 el desarrollo de una ciclog\u00e9nesis sobre el sector norte del pa\u00eds. El mismo podr\u00eda estar asociado a lluvias abundantes hacia el final de la semana y se espera una marcada recomposici\u00f3n t\u00e9rmica &nbsp; &nbsp; Luego de un fin de semana con marcas frescas, para lo que suele ser el mes de diciembre, se espera que la situaci\u00f3n se \u201cnormalice\u201d. La circulaci\u00f3n del viento norte promover\u00e1 un progresivo incremento t\u00e9rmico notable, sobre la franja central del pa\u00eds. As\u00ed, las marcas t\u00e9rmicas volver\u00e1n a los niveles medios para&#8230;<\/p>\n","protected":false},"author":3,"featured_media":120320,"comment_status":"closed","ping_status":"closed","sticky":false,"template":"","format":"standard","meta":[],"categories":[2],"tags":[],"_links":{"self":[{"href":"https:\/\/www.actualidadadiario.com\/index.php\/wp-json\/wp\/v2\/posts\/123726"}],"collection":[{"href":"https:\/\/www.actualidadadiario.com\/index.php\/wp-json\/wp\/v2\/posts"}],"about":[{"href":"https:\/\/www.actualidadadiario.com\/index.php\/wp-json\/wp\/v2\/types\/post"}],"author":[{"embeddable":true,"href":"https:\/\/www.actualidadadiario.com\/index.php\/wp-json\/wp\/v2\/users\/3"}],"replies":[{"embeddable":true,"href":"https:\/\/www.actualidadadiario.com\/index.php\/wp-json\/wp\/v2\/comments?post=123726"}],"version-history":[{"count":1,"href":"https:\/\/www.actualidadadiario.com\/index.php\/wp-json\/wp\/v2\/posts\/123726\/revisions"}],"predecessor-version":[{"id":123727,"href":"https:\/\/www.actualidadadiario.com\/index.php\/wp-json\/wp\/v2\/posts\/123726\/revisions\/123727"}],"wp:featuredmedia":[{"embeddable":true,"href":"https:\/\/www.actualidadadiario.com\/index.php\/wp-json\/wp\/v2\/media\/120320"}],"wp:attachment":[{"href":"https:\/\/www.actualidadadiario.com\/index.php\/wp-json\/wp\/v2\/media?parent=123726"}],"wp:term":[{"taxonomy":"category","embeddable":true,"href":"https:\/\/www.actualidadadiario.com\/index.php\/wp-json\/wp\/v2\/categories?post=123726"},{"taxonomy":"post_tag","embeddable":true,"href":"https:\/\/www.actualidadadiario.com\/index.php\/wp-json\/wp\/v2\/tags?post=123726"}],"curies":[{"name":"wp","href":"https:\/\/api.w.org\/{rel}","templated":true}]}}