{"id":123724,"date":"2024-12-11T11:51:03","date_gmt":"2024-12-11T14:51:03","guid":{"rendered":"https:\/\/www.actualidadadiario.com\/?p=123724"},"modified":"2024-12-11T11:51:03","modified_gmt":"2024-12-11T14:51:03","slug":"el-43-de-los-trabajadores-cayo-en-la-pobreza-de-acuerdo-a-los-datos-de-un-nuevo-estudio","status":"publish","type":"post","link":"https:\/\/www.actualidadadiario.com\/index.php\/2024\/12\/11\/el-43-de-los-trabajadores-cayo-en-la-pobreza-de-acuerdo-a-los-datos-de-un-nuevo-estudio\/","title":{"rendered":"El 43% de los trabajadores cay\u00f3 en la pobreza, de acuerdo a los datos de un nuevo estudio"},"content":{"rendered":"<p style=\"text-align: center;\"><em><strong>En siete a\u00f1os, m\u00e1s de 6 millones de trabajadores cayeron por debajo de la l\u00ednea de pobreza. En lo que va del 2024, la inflaci\u00f3n acumula un 123,3%<\/strong><\/em><\/p>\n<p>&nbsp;<\/p>\n<p>&nbsp;<\/p>\n<p>De acuerdo a la \u00faltima medici\u00f3n del Instituto de Estad\u00edstica de los Trabajadores (IET) de la Universidad Metropolitana para la Educaci\u00f3n y el Trabajo (UMET) y el Centro para Concertaci\u00f3n y el Desarrollo (CCD), la inflaci\u00f3n de los trabajadores fue de 2,9% en noviembre, repitiendo los valores de octubre. Adem\u00e1s, en once meses la inflaci\u00f3n acumula un 123,3%, mientras que en los \u00faltimos doce meses escal\u00f3 a un 177,9%. A su vez, por s\u00e9ptimo mes consecutivo, la inflaci\u00f3n interanual se desaceler\u00f3.<\/p>\n<p>Dicha suba estuvo motorizada por Alimentos y bebidas (+3,3%), cuyo cap\u00edtulo es el que m\u00e1s incide en los datos de la canasta. Asimismo, el 43% de los ocupados se convirtieron en pobres a lo largo de 2024, cifra que alcanza el 77,8% en los desocupados.<\/p>\n<p>Este aumento de la pobreza viene en aumento sostenido desde el 2017, cuando alcanzaba el 18% de los asalariados: en s\u00f3lo 7 a\u00f1os, m\u00e1s de 6 millones de trabajadores cayeron por debajo de la l\u00ednea de pobreza. A ra\u00edz de esto, el exministro de Educaci\u00f3n y director general del CCD, Nicol\u00e1s Trotta, asegur\u00f3 que &#8221;la ca\u00edda en los ingresos gener\u00f3 un fen\u00f3meno muy perverso: el de estar incluido en la producci\u00f3n siendo pobre en la distribuci\u00f3n&#8221;.<\/p>\n<p>Bajo esa l\u00ednea, Trotta declar\u00f3: &#8221;La ca\u00edda en los ingresos gener\u00f3 un fen\u00f3meno muy perverso: el de estar incluido en la producci\u00f3n siendo pobre en la distribuci\u00f3n. Esta ca\u00edda sostenida empez\u00f3 en la segunda mitad del gobierno de Macri y el \u00faltimo gobierno peronista no pudo revertirla. Ah\u00ed est\u00e1 la causa principal de la deuda interna que dejamos. Ah\u00ed est\u00e1 la llave que abri\u00f3 la tranquera que frenaba el regreso del individualismo neoliberal. Pero ah\u00ed tambi\u00e9n est\u00e1, por su contrario, el norte de la reconstrucci\u00f3n justicialista. Que no es otro que una vida digna material como eje de un sujeto pleno en su totalidad&#8221;.<\/p>\n<p>Adem\u00e1s, el estudio refleja que -teniendo en cuenta los Alimentos y bebidas- las mayores alzas se registraron en productos estacionales como frutas (+5,5%) y verduras (+4,4%). El resto de los cap\u00edtulos tuvo alzas entre el 2 y el 3%, lo que muestra una menor dispersi\u00f3n en las subas de precios comparados contra otros meses. Educaci\u00f3n (2,9%) y Comunicaciones (2,9%) subieron en la misma magnitud que el nivel general. En tanto, Vivienda (2,8%), Otros bienes y servicios (2,8%), Salud (2,7%), Recreaci\u00f3n y cultura (2,5%), Indumentaria y calzado (2,5%), Equipamiento y mantenimiento del hogar (2,4%) y Transporte (2%) tuvieron incrementos por debajo del promedio&#8221;.<\/p>\n<p>&nbsp;<\/p>\n<p><strong>Aumento de trabajadores pobres<\/strong><\/p>\n<p>Fabi\u00e1n Amico, coordinador del IET, dio m\u00e1s detalles sobre lo publicado: &#8221;Tradicionalmente, existe en la econom\u00eda argentina una relaci\u00f3n inversa entre tipo de cambio real y salario real. Sin embargo, hoy se produce una apreciaci\u00f3n del tipo de cambio real, pero los salarios reales no alcanzan a recuperarse y muestran una tendencia el estancamiento. La raz\u00f3n reside en el fuerte aumento de los precios regulados por el gobierno (servicios p\u00fablicos y privados). Cualquiera que sea la contribuci\u00f3n de estos precios regulados al \u00edndice general de precios, es evidente que una parte no menor de la inflaci\u00f3n registrada despu\u00e9s de la gran devaluaci\u00f3n de diciembre del a\u00f1o pasado fue resultado del ajuste esos precios dispuesto por el gobierno. Eso se tradujo, al mismo tiempo, en un menor salario real y un tipo de cambio real m\u00e1s bajo. Parece una paradoja, pero una buena parte de la apreciaci\u00f3n del tipo de cambio real es el resultado del ajuste de precios dispuestos por el propio gobierno&#8221;.<\/p>\n<p>Justamente, la segunda parte del informe se detiene a analizar la pobreza por ingresos dentro del universo de los trabajadores. Seg\u00fan explica el documento &#8221;en 2024, el 43% de los ocupados fueron pobres, cifra que alcanza el 77,8% en los desocupados. Dentro de los trabajadores, hay grandes diferencias mientras que en los asalariados registrados y en los no asalariados calificados la pobreza es inferior al 30%, en los asalariados informales y en los no asalariados de baja calificaci\u00f3n ronda el 60%&#8221;.<\/p>\n<p>&#8221;La pobreza en los trabajadores viene en aumento sostenido desde 2017, producto del deterioro del poder adquisitivo. En dicho a\u00f1o, el 18% de los ocupados era pobre. Que la pobreza en los ocupados haya pasado al 43% significa que cerca de 6 millones de trabajadores cayeron debajo de la l\u00ednea de pobreza en los \u00faltimos siete a\u00f1os&#8221;, enfatizan los especialistas del IET.<\/p>\n","protected":false},"excerpt":{"rendered":"<p>En siete a\u00f1os, m\u00e1s de 6 millones de trabajadores cayeron por debajo de la l\u00ednea de pobreza. En lo que va del 2024, la inflaci\u00f3n acumula un 123,3% &nbsp; &nbsp; De acuerdo a la \u00faltima medici\u00f3n del Instituto de Estad\u00edstica de los Trabajadores (IET) de la Universidad Metropolitana para la Educaci\u00f3n y el Trabajo (UMET) y el Centro para Concertaci\u00f3n y el Desarrollo (CCD), la inflaci\u00f3n de los trabajadores fue de 2,9% en noviembre, repitiendo los valores de octubre. Adem\u00e1s, en once meses la inflaci\u00f3n acumula un 123,3%, mientras que&#8230;<\/p>\n","protected":false},"author":3,"featured_media":40762,"comment_status":"closed","ping_status":"closed","sticky":false,"template":"","format":"standard","meta":[],"categories":[9],"tags":[],"_links":{"self":[{"href":"https:\/\/www.actualidadadiario.com\/index.php\/wp-json\/wp\/v2\/posts\/123724"}],"collection":[{"href":"https:\/\/www.actualidadadiario.com\/index.php\/wp-json\/wp\/v2\/posts"}],"about":[{"href":"https:\/\/www.actualidadadiario.com\/index.php\/wp-json\/wp\/v2\/types\/post"}],"author":[{"embeddable":true,"href":"https:\/\/www.actualidadadiario.com\/index.php\/wp-json\/wp\/v2\/users\/3"}],"replies":[{"embeddable":true,"href":"https:\/\/www.actualidadadiario.com\/index.php\/wp-json\/wp\/v2\/comments?post=123724"}],"version-history":[{"count":1,"href":"https:\/\/www.actualidadadiario.com\/index.php\/wp-json\/wp\/v2\/posts\/123724\/revisions"}],"predecessor-version":[{"id":123725,"href":"https:\/\/www.actualidadadiario.com\/index.php\/wp-json\/wp\/v2\/posts\/123724\/revisions\/123725"}],"wp:featuredmedia":[{"embeddable":true,"href":"https:\/\/www.actualidadadiario.com\/index.php\/wp-json\/wp\/v2\/media\/40762"}],"wp:attachment":[{"href":"https:\/\/www.actualidadadiario.com\/index.php\/wp-json\/wp\/v2\/media?parent=123724"}],"wp:term":[{"taxonomy":"category","embeddable":true,"href":"https:\/\/www.actualidadadiario.com\/index.php\/wp-json\/wp\/v2\/categories?post=123724"},{"taxonomy":"post_tag","embeddable":true,"href":"https:\/\/www.actualidadadiario.com\/index.php\/wp-json\/wp\/v2\/tags?post=123724"}],"curies":[{"name":"wp","href":"https:\/\/api.w.org\/{rel}","templated":true}]}}