{"id":123719,"date":"2024-12-11T11:15:12","date_gmt":"2024-12-11T14:15:12","guid":{"rendered":"https:\/\/www.actualidadadiario.com\/?p=123719"},"modified":"2024-12-11T11:15:12","modified_gmt":"2024-12-11T14:15:12","slug":"frigerio-hara-el-balance-de-su-primer-ano-de-gestion-desde-un-emprendimiento-industrial-concordiense","status":"publish","type":"post","link":"https:\/\/www.actualidadadiario.com\/index.php\/2024\/12\/11\/frigerio-hara-el-balance-de-su-primer-ano-de-gestion-desde-un-emprendimiento-industrial-concordiense\/","title":{"rendered":"Frigerio har\u00e1 el balance de su primer a\u00f1o de gesti\u00f3n desde un emprendimiento industrial concordiense"},"content":{"rendered":"<p style=\"text-align: center;\"><em><strong>En su visita prevista para este mi\u00e9rcoles, se confirm\u00f3 oficialmente que el gobernador Rogelio Frigerio brindar\u00e1 su mensaje al cumplirse un a\u00f1o de su asunci\u00f3n. Ser\u00e1 con transmisi\u00f3n en vivo para el resto de la provincia de Entre R\u00edos<\/strong><\/em><\/p>\n<p>&nbsp;<\/p>\n<p>&nbsp;<\/p>\n<p>Como se informara oportunamente, el gobernador Rogelio Frigerio lanzar\u00e1 este mi\u00e9rcoles &#8211; 11 de diciembre &#8211; en Concordia, el operativo Verano Seguro.<\/p>\n<p>Seg\u00fan se hab\u00eda adelantado desde la Polic\u00eda de Entre R\u00edo, el acto oficial se llevar\u00e1 a cabo a las 19 horas, en la Costanera de Concordia. Se buscar\u00e1 presentar el refuerzo de medidas de prevenci\u00f3n para la temporada estival.<\/p>\n<p>El evento contar\u00e1 adem\u00e1s con la presencia de autoridades provinciales, incluyendo al jefe y subjefe de Polic\u00eda de la provincia, representantes de diversas direcciones y divisiones policiales, como as\u00ed tambi\u00e9n autoridades de la Departamental Concordia.<\/p>\n<p>&nbsp;<\/p>\n<p><strong>Un a\u00f1o<\/strong><\/p>\n<p>Adem\u00e1s, se confirm\u00f3 que en su visita del mi\u00e9rcoles a Concordia, el gobernador Rogelio Frigerio brindar\u00e1 un mensaje al cumplirse un a\u00f1o de su asunci\u00f3n.<\/p>\n<p>En este caso, la actividad est\u00e1 prevista para las 15 horas y ser\u00e1 en el Frigor\u00edfico Yuquer\u00ed, en el barrio Benito Leger\u00e9n.<\/p>\n<p>El lugar ser\u00e1n las instalaciones que hoy pertenecen a la firma Compa\u00f1\u00eda Central Pampeana, que comenzaron a ser remodeladas durante el a\u00f1o 2019 y dos a\u00f1os despu\u00e9s ya eran 25 personas las que cumpl\u00edan tareas \u201cde cuarteo y despostada\u201d.<\/p>\n<p>Eduardo Gismondi, subgerente de producci\u00f3n de la planta Concordia de Compa\u00f1\u00eda Central Pampeana, hab\u00eda anticipado en el pasado mes de octubre, que actualmente est\u00e1n en un nivel de obtenci\u00f3n de unas cien toneladas entre carne y hueso. Mercader\u00eda que la empresa destina a sus mercados de la Uni\u00f3n Europea y fundamentalmente de China, con una m\u00ednima parte al mercado interno.<\/p>\n<p>Anunciando que \u201cesto se va a duplicar en seis meses\u201d, lo que obligar\u00e1 a encarar el desarrollo de obras de infraestructura, para poder cumplir con las demandas que se van presentando. Es por eso, que \u201cestamos haciendo un matadero\u201d para tener el primer eslab\u00f3n en la cadena de faena. Esta inversi\u00f3n y la necesidad de ampliar la producci\u00f3n llevar\u00e1n a que \u201cen dos a\u00f1os vamos a duplicar la gente contratada\u201d, destac\u00f3 el responsable de la planta. Por lo que no se descarta que la presencia del gobernador sea aprovechada para nuevos anuncios tanto privados, como p\u00fablicos.<\/p>\n<p>Las palabras del mandatario se podr\u00e1n seguir en vivo, a trav\u00e9s del siguiente enlace:<\/p>\n<p>https:\/\/youtube.com\/live\/A8i98N8DOYM?feature=share<\/p>\n","protected":false},"excerpt":{"rendered":"<p>En su visita prevista para este mi\u00e9rcoles, se confirm\u00f3 oficialmente que el gobernador Rogelio Frigerio brindar\u00e1 su mensaje al cumplirse un a\u00f1o de su asunci\u00f3n. Ser\u00e1 con transmisi\u00f3n en vivo para el resto de la provincia de Entre R\u00edos &nbsp; &nbsp; Como se informara oportunamente, el gobernador Rogelio Frigerio lanzar\u00e1 este mi\u00e9rcoles &#8211; 11 de diciembre &#8211; en Concordia, el operativo Verano Seguro. Seg\u00fan se hab\u00eda adelantado desde la Polic\u00eda de Entre R\u00edo, el acto oficial se llevar\u00e1 a cabo a las 19 horas, en la Costanera de Concordia. Se&#8230;<\/p>\n","protected":false},"author":3,"featured_media":112267,"comment_status":"closed","ping_status":"closed","sticky":false,"template":"","format":"standard","meta":[],"categories":[15],"tags":[],"_links":{"self":[{"href":"https:\/\/www.actualidadadiario.com\/index.php\/wp-json\/wp\/v2\/posts\/123719"}],"collection":[{"href":"https:\/\/www.actualidadadiario.com\/index.php\/wp-json\/wp\/v2\/posts"}],"about":[{"href":"https:\/\/www.actualidadadiario.com\/index.php\/wp-json\/wp\/v2\/types\/post"}],"author":[{"embeddable":true,"href":"https:\/\/www.actualidadadiario.com\/index.php\/wp-json\/wp\/v2\/users\/3"}],"replies":[{"embeddable":true,"href":"https:\/\/www.actualidadadiario.com\/index.php\/wp-json\/wp\/v2\/comments?post=123719"}],"version-history":[{"count":1,"href":"https:\/\/www.actualidadadiario.com\/index.php\/wp-json\/wp\/v2\/posts\/123719\/revisions"}],"predecessor-version":[{"id":123720,"href":"https:\/\/www.actualidadadiario.com\/index.php\/wp-json\/wp\/v2\/posts\/123719\/revisions\/123720"}],"wp:featuredmedia":[{"embeddable":true,"href":"https:\/\/www.actualidadadiario.com\/index.php\/wp-json\/wp\/v2\/media\/112267"}],"wp:attachment":[{"href":"https:\/\/www.actualidadadiario.com\/index.php\/wp-json\/wp\/v2\/media?parent=123719"}],"wp:term":[{"taxonomy":"category","embeddable":true,"href":"https:\/\/www.actualidadadiario.com\/index.php\/wp-json\/wp\/v2\/categories?post=123719"},{"taxonomy":"post_tag","embeddable":true,"href":"https:\/\/www.actualidadadiario.com\/index.php\/wp-json\/wp\/v2\/tags?post=123719"}],"curies":[{"name":"wp","href":"https:\/\/api.w.org\/{rel}","templated":true}]}}