{"id":123717,"date":"2024-12-11T11:14:15","date_gmt":"2024-12-11T14:14:15","guid":{"rendered":"https:\/\/www.actualidadadiario.com\/?p=123717"},"modified":"2024-12-11T11:14:15","modified_gmt":"2024-12-11T14:14:15","slug":"vuelve-el-calor-y-alertan-que-pronto-volveran-las-tormentas","status":"publish","type":"post","link":"https:\/\/www.actualidadadiario.com\/index.php\/2024\/12\/11\/vuelve-el-calor-y-alertan-que-pronto-volveran-las-tormentas\/","title":{"rendered":"Vuelve el calor y alertan que pronto volver\u00e1n las tormentas"},"content":{"rendered":"<p style=\"text-align: center;\"><em><strong>En Entre R\u00edos se anuncian 32 grados para hoy y 34 para ma\u00f1ana. Tras el marcado aumento de las temperaturas, gran parte de la provincia podr\u00eda ser afectada por tormenta, ca\u00edda de granizo y lluvias de hasta 60 mil\u00edmetros<\/strong><\/em><\/p>\n<p>&nbsp;<\/p>\n<p>&nbsp;<\/p>\n<p>De a poco las temperaturas comienzan a recomponerse \u201cdebido a la marcada circulaci\u00f3n del viento del sector norte que sigue prevaleciendo sobre toda la porci\u00f3n central del pa\u00eds\u201d, se\u00f1al\u00f3 el meteor\u00f3logo, Leonardo De Benedictis.<\/p>\n<p>Si bien est\u00e1 previsto que el n\u00facleo m\u00e1s c\u00e1lido del pa\u00eds se concentrar\u00e1 sobre La Pampa, San Luis y Mendoza, en Entre R\u00edos se anuncian para hoy registros t\u00e9rmicos de 32 grados, con cielo parcialmente nublado.<\/p>\n<p>Mientras tanto, el jueves se presentar\u00eda similar durante el d\u00eda, aunque m\u00e1s caluroso: estiman marcas de hasta 34 grados en nuestra provincia.<\/p>\n<p>&nbsp;<\/p>\n<p><strong>Alerta para el jueves a la noche por fuertes tormentas<\/strong><\/p>\n<p>El Servicio Meteorol\u00f3gico Nacional (SMN) anunci\u00f3 el regreso de tormentas fuertes que afectar\u00e1n a unas zonas de Entre R\u00edos. Ser\u00eda desde la tarde o noche del jueves.<\/p>\n<p>En base al mapa que present\u00f3 el sitio oficial, la alerta alcanzar\u00e1 a 10 departamentos: Paran\u00e1, Diamante, Nogoy\u00e1, La Paz, Villaguay, San Salvador, Concordia, Feliciano, Federal y Federaci\u00f3n.<\/p>\n<p>El \u00e1rea \u201cser\u00e1 afectada por tormentas, algunas de las cuales podr\u00edan ser localmente fuertes o severas. Estas tormentas estar\u00e1n acompa\u00f1adas de r\u00e1fagas intensas, ca\u00edda de granizo, actividad el\u00e9ctrica significativa y abundante ca\u00edda de agua en cortos per\u00edodos\u201d, indic\u00f3 la advertencia.<\/p>\n<p>Se prev\u00e9n \u201cvalores de precipitaci\u00f3n acumulada entre 30 y 60 mil\u00edmetros, pudiendo ser superados en forma puntual\u201d, sostuvo el SMN.<\/p>\n<p>&nbsp;<\/p>\n<p><strong>Ciclog\u00e9nesis en la mira del fin de semana<\/strong><\/p>\n<p>Para los pr\u00f3ximos d\u00edas \u201cse mantiene la tendencia de la ciclog\u00e9nesis sobre el noreste del pa\u00eds. Si bien todav\u00eda hay dudas de donde podr\u00eda formarse exactamente, se viene afianzando la posibilidad que se desarrolle sobre el noreste del pa\u00eds y afecte gran parte del Litoral, desplaz\u00e1ndose hasta las costas de Uruguay durante el transcurso del fin de semana\u201d, se\u00f1al\u00f3 de Benedictis.<\/p>\n<p>Esta situaci\u00f3n \u201cpodr\u00eda generar abundantes precipitaciones e importantes r\u00e1fagas de viento sobre la zona del NEA, que ser\u00eda la regi\u00f3n m\u00e1s afectada por este fen\u00f3meno. Tanto Formosa como Chaco podr\u00edan presentar importantes acumulados de lluvia, con registros de m\u00e1s de 70 mm superados ampliamente de manera local\u201d.<\/p>\n<p>El sistema presentar\u00eda \u201cun veloz desplazamiento hacia el sudeste, por lo que r\u00e1pidamente afectar\u00eda al Litoral argentino, para luego ubicarse sobre la costa este de Uruguay y desarrollar sobre la zona lluvias y tormentas copiosas\u201d, advirti\u00f3 el especialista en Meteored.<\/p>\n<p>&nbsp;<\/p>\n<p><strong>C\u00f3mo seguir\u00e1 en Entre R\u00edos<\/strong><\/p>\n<p>En nuestra provincia, pese a la probabilidad de tormentas, no se producir\u00eda un cambio muy notorio en las condiciones de tiempo. Si bien el viernes se mantendr\u00eda la inestabilidad, con temperaturas de unos 29 grados, el calor aumentar\u00eda el fin de semana.<\/p>\n<p>Para el s\u00e1bado anuncia cielo parcialmente nublado y registros t\u00e9rmicos de hasta 32 grados, mientras que para el domingo tampoco se anuncian precipitaciones. Las temperaturas estimadas son de 30 grados.<\/p>\n","protected":false},"excerpt":{"rendered":"<p>En Entre R\u00edos se anuncian 32 grados para hoy y 34 para ma\u00f1ana. Tras el marcado aumento de las temperaturas, gran parte de la provincia podr\u00eda ser afectada por tormenta, ca\u00edda de granizo y lluvias de hasta 60 mil\u00edmetros &nbsp; &nbsp; De a poco las temperaturas comienzan a recomponerse \u201cdebido a la marcada circulaci\u00f3n del viento del sector norte que sigue prevaleciendo sobre toda la porci\u00f3n central del pa\u00eds\u201d, se\u00f1al\u00f3 el meteor\u00f3logo, Leonardo De Benedictis. Si bien est\u00e1 previsto que el n\u00facleo m\u00e1s c\u00e1lido del pa\u00eds se concentrar\u00e1 sobre La&#8230;<\/p>\n","protected":false},"author":3,"featured_media":95002,"comment_status":"closed","ping_status":"closed","sticky":false,"template":"","format":"standard","meta":[],"categories":[15],"tags":[],"_links":{"self":[{"href":"https:\/\/www.actualidadadiario.com\/index.php\/wp-json\/wp\/v2\/posts\/123717"}],"collection":[{"href":"https:\/\/www.actualidadadiario.com\/index.php\/wp-json\/wp\/v2\/posts"}],"about":[{"href":"https:\/\/www.actualidadadiario.com\/index.php\/wp-json\/wp\/v2\/types\/post"}],"author":[{"embeddable":true,"href":"https:\/\/www.actualidadadiario.com\/index.php\/wp-json\/wp\/v2\/users\/3"}],"replies":[{"embeddable":true,"href":"https:\/\/www.actualidadadiario.com\/index.php\/wp-json\/wp\/v2\/comments?post=123717"}],"version-history":[{"count":1,"href":"https:\/\/www.actualidadadiario.com\/index.php\/wp-json\/wp\/v2\/posts\/123717\/revisions"}],"predecessor-version":[{"id":123718,"href":"https:\/\/www.actualidadadiario.com\/index.php\/wp-json\/wp\/v2\/posts\/123717\/revisions\/123718"}],"wp:featuredmedia":[{"embeddable":true,"href":"https:\/\/www.actualidadadiario.com\/index.php\/wp-json\/wp\/v2\/media\/95002"}],"wp:attachment":[{"href":"https:\/\/www.actualidadadiario.com\/index.php\/wp-json\/wp\/v2\/media?parent=123717"}],"wp:term":[{"taxonomy":"category","embeddable":true,"href":"https:\/\/www.actualidadadiario.com\/index.php\/wp-json\/wp\/v2\/categories?post=123717"},{"taxonomy":"post_tag","embeddable":true,"href":"https:\/\/www.actualidadadiario.com\/index.php\/wp-json\/wp\/v2\/tags?post=123717"}],"curies":[{"name":"wp","href":"https:\/\/api.w.org\/{rel}","templated":true}]}}