{"id":123712,"date":"2024-12-11T11:12:47","date_gmt":"2024-12-11T14:12:47","guid":{"rendered":"https:\/\/www.actualidadadiario.com\/?p=123712"},"modified":"2024-12-11T11:12:47","modified_gmt":"2024-12-11T14:12:47","slug":"las-problematicas-sociales-mas-graves-detectadas-por-el-programa-relevar","status":"publish","type":"post","link":"https:\/\/www.actualidadadiario.com\/index.php\/2024\/12\/11\/las-problematicas-sociales-mas-graves-detectadas-por-el-programa-relevar\/","title":{"rendered":"Las problem\u00e1ticas sociales m\u00e1s graves detectadas por el programa RELEVAR"},"content":{"rendered":"<p style=\"text-align: center;\"><em><strong>Desde la secretar\u00eda de Desarrollo Humano de la Municipalidad de Concordia repasaron los alcances del programa luego de que, durante la jornada de este lunes, se presentara oficialmente la mesa local de Desarrollo Humano<\/strong><\/em><\/p>\n<p>&nbsp;<\/p>\n<p>&nbsp;<\/p>\n<p>El secretario de Desarrollo Humano de la Municipalidad de Concordia, Sebasti\u00e1n Ar\u00edstides, coment\u00f3 que \u201cel Programa Relevar fue un disparador, una herramienta de diagn\u00f3stico a partir de la que empezamos a generar un mont\u00f3n de actividades y proyectos complementarios\u201d.<\/p>\n<p>Como uno de estos proyectos, mencion\u00f3 que \u201cla mesa local de Desarrollo Humano parte de un compromiso asumido por el intendente, es un espacio destinado a la participaci\u00f3n de instituciones p\u00fablicas y privadas para abordar lo que nosotros denominamos problemas complejos, que exceden a lo que el municipio puede proponer como respuesta, para los que necesitamos la participaci\u00f3n de la comunidad\u201d.<\/p>\n<p>&nbsp;<\/p>\n<p><strong>Complejidades sociales<\/strong><\/p>\n<p>Al respecto, mencion\u00f3 que \u201clos problemas complejos tienen varias aristas, por un lado puede ser el tema de consumo, que dispara problemas de violencia o de abuso, que a su vez tienen un contexto de familia carenciada en mont\u00f3n de aspectos, que no tienen empleo, que tienen menores sin escolarizar, adultos analfabetos, que comen menos de dos comidas al d\u00eda, etc\u201d.<\/p>\n<p>Dicho esto, coment\u00f3 que \u201csi bien nosotros hacemos frente a la mayor\u00eda de los problemas cuando est\u00e1n en forma individual&#8221;, el escenario cambia &#8220;cuando se generan varias cuestiones a la vez&#8221;, es all\u00ed cuando &#8220;necesitamos el compromiso de instituciones que nos ayuden a comprender la situaci\u00f3n, a buscar la ra\u00edz de estos problemas y a generar un plan de acci\u00f3n para poder dar una respuesta definitiva\u201d.<\/p>\n<p>Por lo pronto, anticip\u00f3 que en la Mesa de Desarrollo Social presentada esta semana \u201cvamos a empezar a operar a partir de febrero con reuniones mensuales\u201d, pero la idea \u201ces mantener una actividad permanente y asincr\u00f3nica\u201d.<\/p>\n<p>&nbsp;<\/p>\n<p><strong>Datos del Proyecto RELEVAR<\/strong><\/p>\n<p>Por otro lado, Ar\u00edstides repas\u00f3 algunos de los datos que obtuvieron a trav\u00e9s del Proyecto Relevar en Concordia y asegur\u00f3 que \u201ctenemos relevadas 20.700 personas\u201d.<\/p>\n<p>En base a eso, precis\u00f3 que \u201chaciendo un c\u00e1lculo grosero estad\u00edstico de los datos que nos da el INDEC, en Concordia tenemos un 58% aproximadamente de pobreza en hogares y un 60% a nivel persona\u201d.<\/p>\n<p>De esta manera, apunt\u00f3 que \u201ccon un marco de casi 200.000 personas, estar\u00edamos hablando de 120.000 personas pobres; mientras que de indigentes, que es 1 de cada 5, estar\u00edamos hablando de 40.000 personas\u201d.<\/p>\n<p>Por lo pronto, reconoci\u00f3 que \u201cnosotros deber\u00edamos estar llegando a 40.000 personas relevadas para llegar a las personas m\u00e1s vulnerables\u201d, por lo que \u201choy estar\u00edamos en un 50% de la poblaci\u00f3n total de personas indigentes en Concordia\u201d.<\/p>\n<p>Dicho esto, manifest\u00f3 que \u201cnos falta, pero a nivel familia estamos cerca de un 65%\u201d. A ra\u00edz de esto, se pregunt\u00f3 \u201c\u00bfpor qu\u00e9 estamos tan lejos de personas y no de familia? Porque justamente cuando nosotros relevamos, muchas de las personas no se encontraban en su domicilio, entonces, en vez de relevar a todos los integrantes de la familia, relevamos aparte\u201d, siendo esta \u201cla parte que nos falta para llegar al porcentaje que queremos\u201d.<\/p>\n","protected":false},"excerpt":{"rendered":"<p>Desde la secretar\u00eda de Desarrollo Humano de la Municipalidad de Concordia repasaron los alcances del programa luego de que, durante la jornada de este lunes, se presentara oficialmente la mesa local de Desarrollo Humano &nbsp; &nbsp; El secretario de Desarrollo Humano de la Municipalidad de Concordia, Sebasti\u00e1n Ar\u00edstides, coment\u00f3 que \u201cel Programa Relevar fue un disparador, una herramienta de diagn\u00f3stico a partir de la que empezamos a generar un mont\u00f3n de actividades y proyectos complementarios\u201d. Como uno de estos proyectos, mencion\u00f3 que \u201cla mesa local de Desarrollo Humano parte de&#8230;<\/p>\n","protected":false},"author":3,"featured_media":123713,"comment_status":"closed","ping_status":"closed","sticky":false,"template":"","format":"standard","meta":[],"categories":[15],"tags":[],"_links":{"self":[{"href":"https:\/\/www.actualidadadiario.com\/index.php\/wp-json\/wp\/v2\/posts\/123712"}],"collection":[{"href":"https:\/\/www.actualidadadiario.com\/index.php\/wp-json\/wp\/v2\/posts"}],"about":[{"href":"https:\/\/www.actualidadadiario.com\/index.php\/wp-json\/wp\/v2\/types\/post"}],"author":[{"embeddable":true,"href":"https:\/\/www.actualidadadiario.com\/index.php\/wp-json\/wp\/v2\/users\/3"}],"replies":[{"embeddable":true,"href":"https:\/\/www.actualidadadiario.com\/index.php\/wp-json\/wp\/v2\/comments?post=123712"}],"version-history":[{"count":1,"href":"https:\/\/www.actualidadadiario.com\/index.php\/wp-json\/wp\/v2\/posts\/123712\/revisions"}],"predecessor-version":[{"id":123714,"href":"https:\/\/www.actualidadadiario.com\/index.php\/wp-json\/wp\/v2\/posts\/123712\/revisions\/123714"}],"wp:featuredmedia":[{"embeddable":true,"href":"https:\/\/www.actualidadadiario.com\/index.php\/wp-json\/wp\/v2\/media\/123713"}],"wp:attachment":[{"href":"https:\/\/www.actualidadadiario.com\/index.php\/wp-json\/wp\/v2\/media?parent=123712"}],"wp:term":[{"taxonomy":"category","embeddable":true,"href":"https:\/\/www.actualidadadiario.com\/index.php\/wp-json\/wp\/v2\/categories?post=123712"},{"taxonomy":"post_tag","embeddable":true,"href":"https:\/\/www.actualidadadiario.com\/index.php\/wp-json\/wp\/v2\/tags?post=123712"}],"curies":[{"name":"wp","href":"https:\/\/api.w.org\/{rel}","templated":true}]}}