{"id":123706,"date":"2024-12-11T11:10:29","date_gmt":"2024-12-11T14:10:29","guid":{"rendered":"https:\/\/www.actualidadadiario.com\/?p=123706"},"modified":"2024-12-11T11:10:29","modified_gmt":"2024-12-11T14:10:29","slug":"aprobaron-la-prorroga-de-emergencia-vial-y-en-obra-publica-hasta-diciembre-de-2025","status":"publish","type":"post","link":"https:\/\/www.actualidadadiario.com\/index.php\/2024\/12\/11\/aprobaron-la-prorroga-de-emergencia-vial-y-en-obra-publica-hasta-diciembre-de-2025\/","title":{"rendered":"Aprobaron la pr\u00f3rroga de emergencia vial y en obra p\u00fablica hasta diciembre de 2025"},"content":{"rendered":"<p style=\"text-align: center;\"><em><strong>Durante la quinta sesi\u00f3n especial del 145\u00b0 Periodo Legislativo, presidida por Gustavo Hein, la C\u00e1mara de Diputados de Entre R\u00edos aprob\u00f3 por unanimidad este martes la pr\u00f3rroga de las leyes provinciales N\u00ba 11.138 y N\u00b0 11.144 hasta el 31 de diciembre de 2025<\/strong><\/em><\/p>\n<p>&nbsp;<\/p>\n<p>&nbsp;<\/p>\n<p>Se trata de la emergencia p\u00fablica econ\u00f3mica y financiera en materia de obras y servicios p\u00fablicos y la emergencia de la estructura vial, respectivamente. Tambi\u00e9n se dio media sanci\u00f3n por mayor\u00eda a la creaci\u00f3n de la Agencia Administradora de Bienes Inmuebles de la Provincia de Entre R\u00edos, entre otras normas.<\/p>\n<p>Noelia Taborda (Juntos por Entre R\u00edos), quien preside la comisi\u00f3n de Obras P\u00fablicas y Planeamiento, se\u00f1al\u00f3 sobre la pr\u00f3rroga de las emergencias: \u201cAgradecemos a este honorable cuerpo que nos acompa\u00f1e en estas decisiones, porque vamos a dar el marco normativo al gobernador para seguir trabajando en la continuidad de la obra p\u00fablica, algo que nos atraviesa a todos los entrerrianos y que es de suma importancia para todos los departamentos\u201d.<\/p>\n<p>Laura Stratta (M\u00e1s para Entre R\u00edos) expres\u00f3 el acompa\u00f1amiento de su bloque a la ratificaci\u00f3n de las emergencias. \u201cHemos aprobado estas emergencias como herramientas para que el gobernador pueda dar respuestas a las demandas de los entrerrianos y entrerrianas\u201d, dijo, a lo que agreg\u00f3: \u201cNos preguntamos si este voto de confianza se materializ\u00f3 en las expectativas que hab\u00eda de reactivar la obra p\u00fablica y por lo tanto las fuentes de trabajo y el desarrollo de las comunidades. No queremos que la excepci\u00f3n se convierta en una regla\u201d.<\/p>\n","protected":false},"excerpt":{"rendered":"<p>Durante la quinta sesi\u00f3n especial del 145\u00b0 Periodo Legislativo, presidida por Gustavo Hein, la C\u00e1mara de Diputados de Entre R\u00edos aprob\u00f3 por unanimidad este martes la pr\u00f3rroga de las leyes provinciales N\u00ba 11.138 y N\u00b0 11.144 hasta el 31 de diciembre de 2025 &nbsp; &nbsp; Se trata de la emergencia p\u00fablica econ\u00f3mica y financiera en materia de obras y servicios p\u00fablicos y la emergencia de la estructura vial, respectivamente. Tambi\u00e9n se dio media sanci\u00f3n por mayor\u00eda a la creaci\u00f3n de la Agencia Administradora de Bienes Inmuebles de la Provincia de&#8230;<\/p>\n","protected":false},"author":3,"featured_media":123707,"comment_status":"closed","ping_status":"closed","sticky":false,"template":"","format":"standard","meta":[],"categories":[15],"tags":[],"_links":{"self":[{"href":"https:\/\/www.actualidadadiario.com\/index.php\/wp-json\/wp\/v2\/posts\/123706"}],"collection":[{"href":"https:\/\/www.actualidadadiario.com\/index.php\/wp-json\/wp\/v2\/posts"}],"about":[{"href":"https:\/\/www.actualidadadiario.com\/index.php\/wp-json\/wp\/v2\/types\/post"}],"author":[{"embeddable":true,"href":"https:\/\/www.actualidadadiario.com\/index.php\/wp-json\/wp\/v2\/users\/3"}],"replies":[{"embeddable":true,"href":"https:\/\/www.actualidadadiario.com\/index.php\/wp-json\/wp\/v2\/comments?post=123706"}],"version-history":[{"count":1,"href":"https:\/\/www.actualidadadiario.com\/index.php\/wp-json\/wp\/v2\/posts\/123706\/revisions"}],"predecessor-version":[{"id":123708,"href":"https:\/\/www.actualidadadiario.com\/index.php\/wp-json\/wp\/v2\/posts\/123706\/revisions\/123708"}],"wp:featuredmedia":[{"embeddable":true,"href":"https:\/\/www.actualidadadiario.com\/index.php\/wp-json\/wp\/v2\/media\/123707"}],"wp:attachment":[{"href":"https:\/\/www.actualidadadiario.com\/index.php\/wp-json\/wp\/v2\/media?parent=123706"}],"wp:term":[{"taxonomy":"category","embeddable":true,"href":"https:\/\/www.actualidadadiario.com\/index.php\/wp-json\/wp\/v2\/categories?post=123706"},{"taxonomy":"post_tag","embeddable":true,"href":"https:\/\/www.actualidadadiario.com\/index.php\/wp-json\/wp\/v2\/tags?post=123706"}],"curies":[{"name":"wp","href":"https:\/\/api.w.org\/{rel}","templated":true}]}}