{"id":123696,"date":"2024-12-10T15:33:24","date_gmt":"2024-12-10T18:33:24","guid":{"rendered":"https:\/\/www.actualidadadiario.com\/?p=123696"},"modified":"2024-12-10T15:33:37","modified_gmt":"2024-12-10T18:33:37","slug":"franco-colapinto-ya-sabe-la-fecha-en-la-que-se-definira-su-futuro-cuales-son-las-posibilidades","status":"publish","type":"post","link":"https:\/\/www.actualidadadiario.com\/index.php\/2024\/12\/10\/franco-colapinto-ya-sabe-la-fecha-en-la-que-se-definira-su-futuro-cuales-son-las-posibilidades\/","title":{"rendered":"Franco Colapinto ya sabe la fecha en la que se definir\u00e1 su futuro: cu\u00e1les son las posibilidades"},"content":{"rendered":"<p style=\"text-align: center;\"><em><strong>El piloto argentino Franco Colapinto, quien debut\u00f3 este a\u00f1o en la F\u00f3rmula 1 con el equipo Williams, afronta semanas decisivas en las que se definir\u00e1 su destino en la temporada 2025. Se acerca la fecha l\u00edmite para que las escuder\u00edas confirmen sus equipos y, por ahora, Alpine y Red Bull a\u00fan lo consideran como una opci\u00f3n<\/strong><\/em><\/p>\n<p>&nbsp;<\/p>\n<p>&nbsp;<\/p>\n<p>El pilarense enfrent\u00f3 dificultades en las \u00faltimas carreras, luego de accidentes y problemas t\u00e9cnicos con su monoplaza, algo que afect\u00f3 su proyecci\u00f3n inicial y redujo las opciones de un cambio inmediato a un equipo competitivo.<\/p>\n<p>En Red Bull, si bien en principio descartaron al argentino para enfocarse en j\u00f3venes de su academia como Isack Hadjar, los recientes contratiempos de este \u00faltimo, incluido un bajo rendimiento en pr\u00e1cticas y la p\u00e9rdida del campeonato de F2 en la \u00faltima carrera, abrieron nuevamente la puerta a Colapinto.<\/p>\n<p>Por otro lado, en Alpine, nunca descartaron p\u00fablicamente su inter\u00e9s en \u00e9l. Desde Abu Dhabi se reactivaron las conversaciones entre el equipo franc\u00e9s y Williams sobre un posible acuerdo. La evaluaci\u00f3n final de Alpine sobre el desempe\u00f1o de su actual piloto, Jack Doohan, ser\u00e1 crucial para determinar si Colapinto se suma a la escuder\u00eda o si Doohan conserva su lugar en 2025.<\/p>\n<p>El medio especializado &#8220;Campeones&#8221; confirm\u00f3 que el futuro de Franco se definir\u00e1 como m\u00e1ximo el pr\u00f3ximo 15 de diciembre, fecha en la que se realizan los tests de postemporada en Abu Dhabi. Durante esas jornadas, Alpine evaluar\u00e1 el rendimiento de Doohan y tomar\u00e1 una decisi\u00f3n definitiva sobre el segundo asiento del equipo para la pr\u00f3xima temporada.<\/p>\n<p>En resumen, el futuro de Colapinto depender\u00e1 del rendimiento de otros pilotos y de los acuerdos entre equipos.<\/p>\n","protected":false},"excerpt":{"rendered":"<p>El piloto argentino Franco Colapinto, quien debut\u00f3 este a\u00f1o en la F\u00f3rmula 1 con el equipo Williams, afronta semanas decisivas en las que se definir\u00e1 su destino en la temporada 2025. Se acerca la fecha l\u00edmite para que las escuder\u00edas confirmen sus equipos y, por ahora, Alpine y Red Bull a\u00fan lo consideran como una opci\u00f3n &nbsp; &nbsp; El pilarense enfrent\u00f3 dificultades en las \u00faltimas carreras, luego de accidentes y problemas t\u00e9cnicos con su monoplaza, algo que afect\u00f3 su proyecci\u00f3n inicial y redujo las opciones de un cambio inmediato a&#8230;<\/p>\n","protected":false},"author":3,"featured_media":121831,"comment_status":"closed","ping_status":"closed","sticky":false,"template":"","format":"standard","meta":[],"categories":[4],"tags":[],"_links":{"self":[{"href":"https:\/\/www.actualidadadiario.com\/index.php\/wp-json\/wp\/v2\/posts\/123696"}],"collection":[{"href":"https:\/\/www.actualidadadiario.com\/index.php\/wp-json\/wp\/v2\/posts"}],"about":[{"href":"https:\/\/www.actualidadadiario.com\/index.php\/wp-json\/wp\/v2\/types\/post"}],"author":[{"embeddable":true,"href":"https:\/\/www.actualidadadiario.com\/index.php\/wp-json\/wp\/v2\/users\/3"}],"replies":[{"embeddable":true,"href":"https:\/\/www.actualidadadiario.com\/index.php\/wp-json\/wp\/v2\/comments?post=123696"}],"version-history":[{"count":2,"href":"https:\/\/www.actualidadadiario.com\/index.php\/wp-json\/wp\/v2\/posts\/123696\/revisions"}],"predecessor-version":[{"id":123698,"href":"https:\/\/www.actualidadadiario.com\/index.php\/wp-json\/wp\/v2\/posts\/123696\/revisions\/123698"}],"wp:featuredmedia":[{"embeddable":true,"href":"https:\/\/www.actualidadadiario.com\/index.php\/wp-json\/wp\/v2\/media\/121831"}],"wp:attachment":[{"href":"https:\/\/www.actualidadadiario.com\/index.php\/wp-json\/wp\/v2\/media?parent=123696"}],"wp:term":[{"taxonomy":"category","embeddable":true,"href":"https:\/\/www.actualidadadiario.com\/index.php\/wp-json\/wp\/v2\/categories?post=123696"},{"taxonomy":"post_tag","embeddable":true,"href":"https:\/\/www.actualidadadiario.com\/index.php\/wp-json\/wp\/v2\/tags?post=123696"}],"curies":[{"name":"wp","href":"https:\/\/api.w.org\/{rel}","templated":true}]}}