{"id":123693,"date":"2024-12-10T15:32:11","date_gmt":"2024-12-10T18:32:11","guid":{"rendered":"https:\/\/www.actualidadadiario.com\/?p=123693"},"modified":"2024-12-10T15:32:11","modified_gmt":"2024-12-10T18:32:11","slug":"como-se-encuentra-lula-tras-ser-operado-de-urgencia","status":"publish","type":"post","link":"https:\/\/www.actualidadadiario.com\/index.php\/2024\/12\/10\/como-se-encuentra-lula-tras-ser-operado-de-urgencia\/","title":{"rendered":"\u00bfC\u00f3mo se encuentra Lula tras ser operado de urgencia?"},"content":{"rendered":"<p style=\"text-align: center;\"><em><strong>El presidente de Brasil est\u00e1 &#8220;consciente y tranquilo&#8221;, seg\u00fan el parte m\u00e9dico m\u00e1s reciente<\/strong><\/em><\/p>\n<p>&nbsp;<\/p>\n<p>&nbsp;<\/p>\n<p>El ministro de Comunicaci\u00f3n Social de Brasil, Paulo Pimenta, anunci\u00f3 este martes que el presidente Luiz In\u00e1cio Lula da Silva, operado con \u00e9xito de urgencia por una hemorragia intracraneal esta madrugada, deber\u00e1 seguir en observaci\u00f3n en la unidad de cuidados intensivos (UCI) al menos otras 48 horas, pero aclar\u00f3 que se encuentra en buen estado tras la intervenci\u00f3n.<\/p>\n<p>&#8220;El presidente est\u00e1 consciente y tranquilo&#8221;, indic\u00f3 el ministro Pimenta a Radio Ga\u00facha, de la ciudad meridional de Porto Alegre.<\/p>\n<p>Seg\u00fan Pimenta, Lula &#8220;debe seguir en observaci\u00f3n 48 horas&#8221; en la UCI del Hospital Sirio-Liban\u00e9s de Sao Paulo, donde fue operado la madrugada del martes, inform\u00f3 la agencia de noticias Xinhua.<\/p>\n<p>El ministro cont\u00f3 que Lula present\u00f3 malestar durante toda su jornada laboral del lunes en el Palacio del Planalto, la sede del Gobierno en Brasilia, tras lo cual acudi\u00f3 a realizarse pruebas m\u00e9dicas el lunes por la noche en la misma Brasilia y fue trasladado a Sao Paulo para ser operado en el Hospital Sirio-Liban\u00e9s.<\/p>\n<p>&#8220;El procedimiento ocurri\u00f3 de forma absolutamente normal, dentro de lo planificado. El Presidente se encuentra hospitalizado, permanecer\u00e1 ingresado unos d\u00edas, pero est\u00e1 absolutamente estable, bajo control&#8221;, expres\u00f3 el ministro.<\/p>\n","protected":false},"excerpt":{"rendered":"<p>El presidente de Brasil est\u00e1 &#8220;consciente y tranquilo&#8221;, seg\u00fan el parte m\u00e9dico m\u00e1s reciente &nbsp; &nbsp; El ministro de Comunicaci\u00f3n Social de Brasil, Paulo Pimenta, anunci\u00f3 este martes que el presidente Luiz In\u00e1cio Lula da Silva, operado con \u00e9xito de urgencia por una hemorragia intracraneal esta madrugada, deber\u00e1 seguir en observaci\u00f3n en la unidad de cuidados intensivos (UCI) al menos otras 48 horas, pero aclar\u00f3 que se encuentra en buen estado tras la intervenci\u00f3n. &#8220;El presidente est\u00e1 consciente y tranquilo&#8221;, indic\u00f3 el ministro Pimenta a Radio Ga\u00facha, de la ciudad&#8230;<\/p>\n","protected":false},"author":3,"featured_media":123694,"comment_status":"closed","ping_status":"closed","sticky":false,"template":"","format":"standard","meta":[],"categories":[4],"tags":[],"_links":{"self":[{"href":"https:\/\/www.actualidadadiario.com\/index.php\/wp-json\/wp\/v2\/posts\/123693"}],"collection":[{"href":"https:\/\/www.actualidadadiario.com\/index.php\/wp-json\/wp\/v2\/posts"}],"about":[{"href":"https:\/\/www.actualidadadiario.com\/index.php\/wp-json\/wp\/v2\/types\/post"}],"author":[{"embeddable":true,"href":"https:\/\/www.actualidadadiario.com\/index.php\/wp-json\/wp\/v2\/users\/3"}],"replies":[{"embeddable":true,"href":"https:\/\/www.actualidadadiario.com\/index.php\/wp-json\/wp\/v2\/comments?post=123693"}],"version-history":[{"count":1,"href":"https:\/\/www.actualidadadiario.com\/index.php\/wp-json\/wp\/v2\/posts\/123693\/revisions"}],"predecessor-version":[{"id":123695,"href":"https:\/\/www.actualidadadiario.com\/index.php\/wp-json\/wp\/v2\/posts\/123693\/revisions\/123695"}],"wp:featuredmedia":[{"embeddable":true,"href":"https:\/\/www.actualidadadiario.com\/index.php\/wp-json\/wp\/v2\/media\/123694"}],"wp:attachment":[{"href":"https:\/\/www.actualidadadiario.com\/index.php\/wp-json\/wp\/v2\/media?parent=123693"}],"wp:term":[{"taxonomy":"category","embeddable":true,"href":"https:\/\/www.actualidadadiario.com\/index.php\/wp-json\/wp\/v2\/categories?post=123693"},{"taxonomy":"post_tag","embeddable":true,"href":"https:\/\/www.actualidadadiario.com\/index.php\/wp-json\/wp\/v2\/tags?post=123693"}],"curies":[{"name":"wp","href":"https:\/\/api.w.org\/{rel}","templated":true}]}}