{"id":123688,"date":"2024-12-10T15:29:18","date_gmt":"2024-12-10T18:29:18","guid":{"rendered":"https:\/\/www.actualidadadiario.com\/?p=123688"},"modified":"2024-12-10T15:29:18","modified_gmt":"2024-12-10T18:29:18","slug":"corea-del-sur-el-parlamento-aprobo-una-resolucion-que-solicita-la-detencion-inmediata-del-presidente","status":"publish","type":"post","link":"https:\/\/www.actualidadadiario.com\/index.php\/2024\/12\/10\/corea-del-sur-el-parlamento-aprobo-una-resolucion-que-solicita-la-detencion-inmediata-del-presidente\/","title":{"rendered":"Corea del Sur: el parlamento aprob\u00f3 una resoluci\u00f3n que solicita la detenci\u00f3n inmediata del Presidente"},"content":{"rendered":"<p style=\"text-align: center;\"><em><strong>Abarca a Yoon Suk-yeol y a otros siete funcionarios por la declaraci\u00f3n de la ley marcial de la semana pasada<\/strong><\/em><\/p>\n<p>&nbsp;<\/p>\n<p>&nbsp;<\/p>\n<p>La Asamblea Nacional de la Rep\u00fablica de Corea aprob\u00f3 este martes una resoluci\u00f3n en la que pide la detenci\u00f3n inmediata del presidente Yoon Suk-yeol y otros siete funcionarios por la declaraci\u00f3n de la ley marcial de la semana pasada.<\/p>\n<p>Seg\u00fan la ley, una resoluci\u00f3n de la Asamblea Nacional, al igual que un proyecto de ley, est\u00e1 sujeta al proceso de propuesta, revisi\u00f3n por el comit\u00e9 de jurisdicci\u00f3n y deliberaci\u00f3n por el pleno, pero no tendr\u00e1 efecto legal.<\/p>\n<p>El Parlamento tambi\u00e9n aprob\u00f3 este martes un proyecto de ley para nombrar un fiscal especial permanente e investigar la acusaci\u00f3n de traici\u00f3n contra el presidente Yoon Suk-yeol, seg\u00fan mostraron im\u00e1genes de televisi\u00f3n.<\/p>\n<p>Adem\u00e1s, la Oficina de Investigaci\u00f3n sobre Corrupci\u00f3n de Funcionarios de Alto Rango (CIO, por sus siglas en ingl\u00e9s) de la Rep\u00fablica de Corea solicit\u00f3 este martes una orden de detenci\u00f3n preliminar contra el exministro de Defensa Kim Yong-hyun, en preparaci\u00f3n de la desestimaci\u00f3n de la petici\u00f3n de la Fiscal\u00eda, seg\u00fan varios medios de comunicaci\u00f3n.<\/p>\n<p>Los fiscales hab\u00edan solicitado el lunes por la noche otra orden de detenci\u00f3n contra el exministro de Defensa, quien supuestamente propuso al presidente Yoon Suk-yeol la ef\u00edmera declaraci\u00f3n de la ley marcial la semana pasada.<\/p>\n<p>Kim se neg\u00f3 a comparecer en una vista judicial para revisar la solicitud de la Fiscal\u00eda este martes, inform\u00f3 la agencia de noticias Xinhua.<\/p>\n<p>La orden de detenci\u00f3n preliminar puede solicitarse cuando un sospechoso est\u00e1 pr\u00f3fugo y es imposible detenerlo inmediatamente. Si el tribunal rechaza la orden de detenci\u00f3n de la Fiscal\u00eda, el exministro de Defensa ser\u00e1 puesto inmediatamente en libertad.<\/p>\n<p>Kim es sospechoso de connivencia con el asediado presidente por la inconstitucional declaraci\u00f3n de la ley marcial, anunciada por Yoon la noche del 3 de diciembre pero anulada por el Parlamento horas despu\u00e9s.<\/p>\n","protected":false},"excerpt":{"rendered":"<p>Abarca a Yoon Suk-yeol y a otros siete funcionarios por la declaraci\u00f3n de la ley marcial de la semana pasada &nbsp; &nbsp; La Asamblea Nacional de la Rep\u00fablica de Corea aprob\u00f3 este martes una resoluci\u00f3n en la que pide la detenci\u00f3n inmediata del presidente Yoon Suk-yeol y otros siete funcionarios por la declaraci\u00f3n de la ley marcial de la semana pasada. Seg\u00fan la ley, una resoluci\u00f3n de la Asamblea Nacional, al igual que un proyecto de ley, est\u00e1 sujeta al proceso de propuesta, revisi\u00f3n por el comit\u00e9 de jurisdicci\u00f3n y&#8230;<\/p>\n","protected":false},"author":3,"featured_media":123542,"comment_status":"closed","ping_status":"closed","sticky":false,"template":"","format":"standard","meta":[],"categories":[4],"tags":[],"_links":{"self":[{"href":"https:\/\/www.actualidadadiario.com\/index.php\/wp-json\/wp\/v2\/posts\/123688"}],"collection":[{"href":"https:\/\/www.actualidadadiario.com\/index.php\/wp-json\/wp\/v2\/posts"}],"about":[{"href":"https:\/\/www.actualidadadiario.com\/index.php\/wp-json\/wp\/v2\/types\/post"}],"author":[{"embeddable":true,"href":"https:\/\/www.actualidadadiario.com\/index.php\/wp-json\/wp\/v2\/users\/3"}],"replies":[{"embeddable":true,"href":"https:\/\/www.actualidadadiario.com\/index.php\/wp-json\/wp\/v2\/comments?post=123688"}],"version-history":[{"count":1,"href":"https:\/\/www.actualidadadiario.com\/index.php\/wp-json\/wp\/v2\/posts\/123688\/revisions"}],"predecessor-version":[{"id":123689,"href":"https:\/\/www.actualidadadiario.com\/index.php\/wp-json\/wp\/v2\/posts\/123688\/revisions\/123689"}],"wp:featuredmedia":[{"embeddable":true,"href":"https:\/\/www.actualidadadiario.com\/index.php\/wp-json\/wp\/v2\/media\/123542"}],"wp:attachment":[{"href":"https:\/\/www.actualidadadiario.com\/index.php\/wp-json\/wp\/v2\/media?parent=123688"}],"wp:term":[{"taxonomy":"category","embeddable":true,"href":"https:\/\/www.actualidadadiario.com\/index.php\/wp-json\/wp\/v2\/categories?post=123688"},{"taxonomy":"post_tag","embeddable":true,"href":"https:\/\/www.actualidadadiario.com\/index.php\/wp-json\/wp\/v2\/tags?post=123688"}],"curies":[{"name":"wp","href":"https:\/\/api.w.org\/{rel}","templated":true}]}}