{"id":123685,"date":"2024-12-10T15:28:37","date_gmt":"2024-12-10T18:28:37","guid":{"rendered":"https:\/\/www.actualidadadiario.com\/?p=123685"},"modified":"2024-12-10T15:28:37","modified_gmt":"2024-12-10T18:28:37","slug":"tokio-va-a-la-semana-laboral-de-cuatro-dias-para-fomentar-la-natalidad","status":"publish","type":"post","link":"https:\/\/www.actualidadadiario.com\/index.php\/2024\/12\/10\/tokio-va-a-la-semana-laboral-de-cuatro-dias-para-fomentar-la-natalidad\/","title":{"rendered":"Tokio va a la semana laboral de cuatro d\u00edas para fomentar la natalidad"},"content":{"rendered":"<p style=\"text-align: center;\"><em><strong>La medida, que comenzar\u00e1 a regir en abril del a\u00f1o que viene, se plantea en un contexto en que la tasa de fertilidad de Jap\u00f3n est\u00e1 en su m\u00ednimo hist\u00f3rico y el envejecimiento poblacional avanza<\/strong><\/em><\/p>\n<p>&nbsp;<\/p>\n<p>&nbsp;<\/p>\n<p>El Gobierno Metropolitano de Tokio avanzar\u00e1 en la adopci\u00f3n de la semana laboral de cuatro d\u00edas para empleados p\u00fablicos, una iniciativa que pretende entrar en vigencia a m\u00e1s tardar en abril del pr\u00f3ximo a\u00f1o. La propuesta, dise\u00f1ada para equilibrar la vida laboral y personal, incluye horarios flexibles y reducciones de jornada para padres con hijos peque\u00f1os, con el objetivo de combatir el envejecimiento poblacional y las bajas tasas de fertilidad.<\/p>\n<p>De acuerdo con el medio local The Japan Times, la nueva modalidad permitir\u00e1 que los empleados municipales disfruten de hasta tres d\u00edas libres por semana, manteniendo un total de 155 horas laborales al mes. Sin embargo, esta pol\u00edtica excluye a los trabajadores por turnos.<\/p>\n<p>La gobernadora Yuriko Koike destac\u00f3 que esta medida es parte de un esfuerzo m\u00e1s amplio por apoyar el equilibrio entre trabajo y familia: \u201cComenzaremos con un apoyo exhaustivo al equilibrio entre vida laboral y personal mediante la introducci\u00f3n de un sistema de horario laboral m\u00e1s flexible, como tres d\u00edas libres por semana\u201d, subray\u00f3 en un discurso reciente.<\/p>\n<p>&nbsp;<\/p>\n<p><strong>Emergencia<\/strong><\/p>\n<p>Jap\u00f3n enfrenta una crisis demogr\u00e1fica sin precedentes. En 2023, el pa\u00eds registr\u00f3 apenas 727.277 nacimientos, una de las cifras m\u00e1s bajas desde que se tienen registros. La tasa de fertilidad descendi\u00f3 de 1,26 a 1,20, muy por debajo del nivel de reemplazo generacional, que se estima en 2,1. Seg\u00fan datos oficiales, m\u00e1s de 36 millones de japoneses tienen 65 a\u00f1os o m\u00e1s, representando el 29,3% de la poblaci\u00f3n.<\/p>\n<p>Esta situaci\u00f3n, descrita por el primer ministro Shigeru Ishiba como una &#8220;emergencia silenciosa&#8221;, pone en peligro la sostenibilidad de la econom\u00eda y los sistemas de bienestar social. La creciente proporci\u00f3n de poblaci\u00f3n de edad avanzada incrementa la presi\u00f3n sobre las finanzas p\u00fablicas, especialmente en \u00e1reas como pensiones y atenci\u00f3n m\u00e9dica, mientras disminuye la fuerza laboral activa y el crecimiento econ\u00f3mico.<\/p>\n<p>&nbsp;<\/p>\n<p><strong>Consecuencias a largo plazo<\/strong><\/p>\n<p>El envejecimiento poblacional no solo afecta la econom\u00eda, sino que tambi\u00e9n tiene un impacto social profundo. Con una poblaci\u00f3n laboralmente activa en declive, Jap\u00f3n podr\u00eda enfrentar dificultades para mantener la productividad y financiar programas esenciales. Adem\u00e1s, el fen\u00f3meno podr\u00eda derivar en un debilitamiento de las comunidades rurales, donde la despoblaci\u00f3n es m\u00e1s marcada.<\/p>\n<p>La semana laboral de cuatro d\u00edas es un paso hacia soluciones estructurales m\u00e1s amplias. Tokio sigue el ejemplo de otras ciudades globales que buscan combinar innovaci\u00f3n laboral con incentivos a la natalidad, en un intento por revertir una tendencia que amenaza la sostenibilidad del pa\u00eds.<\/p>\n","protected":false},"excerpt":{"rendered":"<p>La medida, que comenzar\u00e1 a regir en abril del a\u00f1o que viene, se plantea en un contexto en que la tasa de fertilidad de Jap\u00f3n est\u00e1 en su m\u00ednimo hist\u00f3rico y el envejecimiento poblacional avanza &nbsp; &nbsp; El Gobierno Metropolitano de Tokio avanzar\u00e1 en la adopci\u00f3n de la semana laboral de cuatro d\u00edas para empleados p\u00fablicos, una iniciativa que pretende entrar en vigencia a m\u00e1s tardar en abril del pr\u00f3ximo a\u00f1o. La propuesta, dise\u00f1ada para equilibrar la vida laboral y personal, incluye horarios flexibles y reducciones de jornada para padres&#8230;<\/p>\n","protected":false},"author":3,"featured_media":123686,"comment_status":"closed","ping_status":"closed","sticky":false,"template":"","format":"standard","meta":[],"categories":[4],"tags":[],"_links":{"self":[{"href":"https:\/\/www.actualidadadiario.com\/index.php\/wp-json\/wp\/v2\/posts\/123685"}],"collection":[{"href":"https:\/\/www.actualidadadiario.com\/index.php\/wp-json\/wp\/v2\/posts"}],"about":[{"href":"https:\/\/www.actualidadadiario.com\/index.php\/wp-json\/wp\/v2\/types\/post"}],"author":[{"embeddable":true,"href":"https:\/\/www.actualidadadiario.com\/index.php\/wp-json\/wp\/v2\/users\/3"}],"replies":[{"embeddable":true,"href":"https:\/\/www.actualidadadiario.com\/index.php\/wp-json\/wp\/v2\/comments?post=123685"}],"version-history":[{"count":1,"href":"https:\/\/www.actualidadadiario.com\/index.php\/wp-json\/wp\/v2\/posts\/123685\/revisions"}],"predecessor-version":[{"id":123687,"href":"https:\/\/www.actualidadadiario.com\/index.php\/wp-json\/wp\/v2\/posts\/123685\/revisions\/123687"}],"wp:featuredmedia":[{"embeddable":true,"href":"https:\/\/www.actualidadadiario.com\/index.php\/wp-json\/wp\/v2\/media\/123686"}],"wp:attachment":[{"href":"https:\/\/www.actualidadadiario.com\/index.php\/wp-json\/wp\/v2\/media?parent=123685"}],"wp:term":[{"taxonomy":"category","embeddable":true,"href":"https:\/\/www.actualidadadiario.com\/index.php\/wp-json\/wp\/v2\/categories?post=123685"},{"taxonomy":"post_tag","embeddable":true,"href":"https:\/\/www.actualidadadiario.com\/index.php\/wp-json\/wp\/v2\/tags?post=123685"}],"curies":[{"name":"wp","href":"https:\/\/api.w.org\/{rel}","templated":true}]}}