{"id":123683,"date":"2024-12-10T14:22:25","date_gmt":"2024-12-10T17:22:25","guid":{"rendered":"https:\/\/www.actualidadadiario.com\/?p=123683"},"modified":"2024-12-10T14:22:25","modified_gmt":"2024-12-10T17:22:25","slug":"que-se-sabe-del-discurso-que-milei-dara-esta-noche-en-cadena-nacional-por-el-primer-ano-de-gobierno","status":"publish","type":"post","link":"https:\/\/www.actualidadadiario.com\/index.php\/2024\/12\/10\/que-se-sabe-del-discurso-que-milei-dara-esta-noche-en-cadena-nacional-por-el-primer-ano-de-gobierno\/","title":{"rendered":"Qu\u00e9 se sabe del discurso que Milei dar\u00e1 esta noche en cadena nacional por el primer a\u00f1o de gobierno"},"content":{"rendered":"<p style=\"text-align: center;\"><em><strong>El Presidente estuvo desde ayer enfocado en el mensaje que brindar\u00e1 esta noche como parte de las actividades oficiales por el aniversario de la gesti\u00f3n libertaria. Los detalles de una declaraci\u00f3n con alto impacto pol\u00edtico. El posteo que public\u00f3 el mandatario en sus redes sociales junto a su asesor principal<\/strong><\/em><\/p>\n<p>&nbsp;<\/p>\n<p>&nbsp;<\/p>\n<p>Javier Milei trabajaba desde ayer en el trazo final del mensaje que transmitir\u00e1 esta noche por cadena nacional, al cumplirse el primer a\u00f1o de gobierno. El discurso se grabar\u00e1 esta tarde en el Sal\u00f3n Blanco de la Casa Rosada y el presidente, en principio, estar\u00eda acompa\u00f1ado por sus principales ministros y colaboradores. Se difundir\u00e1 a las 21 y se prev\u00e9 que tenga una extensi\u00f3n de entre 35 y 45 minutos.<\/p>\n<p>Esta ma\u00f1ana, poco despu\u00e9s de las 12, y con letras may\u00fasculas, el jefe de Estado public\u00f3 un mensaje en sus redes sociales con una foto en la que se lo ve junto a su asesor principal, Santiago Caputo, con quien estuvo revisando la versi\u00f3n final antes de grabar: \u201cTenemos discurso Santiago. Viva la libertad carajo\u201d.<\/p>\n<p>Lo cierto es que desde hace dos semanas, el Presidente ten\u00eda previsto transmitir un mensaje por cadena nacional por el primer a\u00f1o de gobierno, en el que ten\u00eda previsto repasar la herencia recibida tras la \u00faltima experiencia peronista, el plan de estabilizaci\u00f3n que se puso en marcha para evitar una espiral hiperinflacionaria y los resultados de esas medidas. \u201cNo se esperen un mega anuncio, pero s\u00ed va a hablar del futuro\u201d, indicaron.<\/p>\n<p>Milei no eludir\u00e1 la actualidad pol\u00edtica -salpicada por el caso del senador Edgardo Kueider, que est\u00e1 detenido en Paraguay y las demoradas sesiones extraordinarias- pero tendr\u00e1 m\u00e1s el tono de un balance del primer a\u00f1o de su experiencia como presidente de la Naci\u00f3n. \u201cVa a agradecer a la gente el esfuerzo hecho para empezar a salir de a\u00f1os de chamanismo econ\u00f3mico y que estamos ante un diciembre diferente al de los \u00faltimos a\u00f1os, donde estaba el temor de que pasara cualquier cosa\u201d, indicaron las fuentes. Despu\u00e9s del mensaje est\u00e1 previsto que el presidente encabece un brindis con sus ministros.<\/p>\n<p>En despachos encumbrados de la Casa Rosada entienden que el programa econ\u00f3mico y la estabilizaci\u00f3n de las variables fundamentales, desde la inflaci\u00f3n al d\u00f3lar, como la recuperaci\u00f3n del orden en las calles y el fin de los piquetes, configuran un fin de a\u00f1o in\u00e9dito respecto a otros fines de a\u00f1o de las \u00faltimas d\u00e9cadas, que estaban signados por reclamos, cortes de tr\u00e1nsito y una inestabilidad pol\u00edtica general.<\/p>\n<p>Pero la cadena nacional que se difundir\u00e1 en el prime time ser\u00e1 observada con especial atenci\u00f3n por la oposici\u00f3n, que espera definiciones vinculadas al temario de las sesiones extraordinarias, que se anunciaron la semana pasada y todav\u00eda no se public\u00f3 en el Bolet\u00edn Oficial con la firma de Javier Milei. Tanto en el PRO como en otro bloques dialoguistas conf\u00edan en que el presidente dar\u00e1 precisiones de lo que suceder\u00e1 en el Congreso en el \u00faltimo tramo del a\u00f1o.<\/p>\n<p>El Gobierno anunci\u00f3 que iba a convocar a discutir un proyecto para limitar los fueros que impiden que diputados y senadores sean detenidos hasta haber sido condenados, la eliminaci\u00f3n de las PASO, la reforma del r\u00e9gimen de financiamiento de los partidos pol\u00edticos, el juicio en ausencia, la \u201cLey Antimafia\u201d que present\u00f3 la ministra Patricia Bullrich y la autorizaci\u00f3n para que el Presidente viaje al exterior. Afuera quedaron el Presupuesto, Ficha Limpia y el nombramiento de los jueces de la Corte Suprema. Los diputados y senadores creen que esta noche habr\u00e1 definiciones clave respecto de estos temas.<\/p>\n","protected":false},"excerpt":{"rendered":"<p>El Presidente estuvo desde ayer enfocado en el mensaje que brindar\u00e1 esta noche como parte de las actividades oficiales por el aniversario de la gesti\u00f3n libertaria. Los detalles de una declaraci\u00f3n con alto impacto pol\u00edtico. El posteo que public\u00f3 el mandatario en sus redes sociales junto a su asesor principal &nbsp; &nbsp; Javier Milei trabajaba desde ayer en el trazo final del mensaje que transmitir\u00e1 esta noche por cadena nacional, al cumplirse el primer a\u00f1o de gobierno. El discurso se grabar\u00e1 esta tarde en el Sal\u00f3n Blanco de la Casa&#8230;<\/p>\n","protected":false},"author":3,"featured_media":121340,"comment_status":"closed","ping_status":"closed","sticky":false,"template":"","format":"standard","meta":[],"categories":[18],"tags":[],"_links":{"self":[{"href":"https:\/\/www.actualidadadiario.com\/index.php\/wp-json\/wp\/v2\/posts\/123683"}],"collection":[{"href":"https:\/\/www.actualidadadiario.com\/index.php\/wp-json\/wp\/v2\/posts"}],"about":[{"href":"https:\/\/www.actualidadadiario.com\/index.php\/wp-json\/wp\/v2\/types\/post"}],"author":[{"embeddable":true,"href":"https:\/\/www.actualidadadiario.com\/index.php\/wp-json\/wp\/v2\/users\/3"}],"replies":[{"embeddable":true,"href":"https:\/\/www.actualidadadiario.com\/index.php\/wp-json\/wp\/v2\/comments?post=123683"}],"version-history":[{"count":1,"href":"https:\/\/www.actualidadadiario.com\/index.php\/wp-json\/wp\/v2\/posts\/123683\/revisions"}],"predecessor-version":[{"id":123684,"href":"https:\/\/www.actualidadadiario.com\/index.php\/wp-json\/wp\/v2\/posts\/123683\/revisions\/123684"}],"wp:featuredmedia":[{"embeddable":true,"href":"https:\/\/www.actualidadadiario.com\/index.php\/wp-json\/wp\/v2\/media\/121340"}],"wp:attachment":[{"href":"https:\/\/www.actualidadadiario.com\/index.php\/wp-json\/wp\/v2\/media?parent=123683"}],"wp:term":[{"taxonomy":"category","embeddable":true,"href":"https:\/\/www.actualidadadiario.com\/index.php\/wp-json\/wp\/v2\/categories?post=123683"},{"taxonomy":"post_tag","embeddable":true,"href":"https:\/\/www.actualidadadiario.com\/index.php\/wp-json\/wp\/v2\/tags?post=123683"}],"curies":[{"name":"wp","href":"https:\/\/api.w.org\/{rel}","templated":true}]}}