{"id":123680,"date":"2024-12-10T14:21:16","date_gmt":"2024-12-10T17:21:16","guid":{"rendered":"https:\/\/www.actualidadadiario.com\/?p=123680"},"modified":"2024-12-10T15:35:44","modified_gmt":"2024-12-10T18:35:44","slug":"la-uba-presento-un-informe-sobre-la-libertad-de-expresion-durante-el-primer-ano-de-milei","status":"publish","type":"post","link":"https:\/\/www.actualidadadiario.com\/index.php\/2024\/12\/10\/la-uba-presento-un-informe-sobre-la-libertad-de-expresion-durante-el-primer-ano-de-milei\/","title":{"rendered":"La UBA present\u00f3 un informe sobre la libertad de expresi\u00f3n durante el primer a\u00f1o de Milei"},"content":{"rendered":"<p style=\"text-align: center;\"><em><strong>El documento fue publicado en conjunto por la carrera de Ciencias de la Comunicaci\u00f3n y distintas asociaciones de trabajadores de prensa. Sus realizadores afirman que se expusieron \u201cun gran n\u00famero de afectaciones\u201d al ejercicio period\u00edstico<\/strong><\/em><\/p>\n<p>&nbsp;<\/p>\n<p>&nbsp;<\/p>\n<p>La Universidad de Buenos Aires, a trav\u00e9s de la Facultad de Ciencias Sociales y mediante un trabajo realizado por la carrera de Ciencias de la Comunicaci\u00f3n, present\u00f3 un informe sobre la libertad de expresi\u00f3n durante el primer a\u00f1o de gesti\u00f3n del presidente Javier Milei.<\/p>\n<p>El texto fue investigado y publicado en conjunto con asociaciones de trabajadores de prensa, donde se expusieron \u201cun gran n\u00famero de afectaciones\u201d al ejercicio period\u00edstico.<\/p>\n<p>\u201cCreemos que este trabajo es clave para precisar cada uno de los ataques y los patrones de los que est\u00e1n siendo v\u00edctimas los compa\u00f1eros y las compa\u00f1eras, que a su vez afectan el derecho a la informaci\u00f3n de toda la sociedad argentina\u201d, se\u00f1al\u00f3 Zuliana Lainez, vicepresidenta de la Federaci\u00f3n Internacional de Periodistas (FIP).<\/p>\n<p>Dentro del texto se hace referencia al t\u00e9rmino \u201cbatalla cultural\u201d, que el Gobierno \u201cy sus socios econ\u00f3micos\u201d instalaron en su discurso, y en la agenda, a lo largo del primer a\u00f1o de mandato del libertario.<\/p>\n<p>\u201cHay una serie de iniciativas concretas cuyo denominador com\u00fan es la concepci\u00f3n del Estado como obst\u00e1culo a la acci\u00f3n de los poderes f\u00e1cticos. El vaciamiento y los intentos de cierre de medios de comunicaci\u00f3n y organismos p\u00fablicos vinculados con la comunicaci\u00f3n y la cultura han sido una constante desde las primeras semanas de gesti\u00f3n\u201d, manifiesta el documento.<\/p>\n<p>Por otra parte, se hace hincapi\u00e9 en el \u201cnotable el debilitamiento de las voces de mujeres y disidencias sexogen\u00e9ricas\u201d en los distintos medios, \u201ccon un particular \u00e9nfasis en el \u00e1mbito de la comunicaci\u00f3n por streaming\u201d, sumado a los intentos (casi nulos) de la implementaci\u00f3n de Ley de Equidad en la Representaci\u00f3n de los G\u00e9neros en los Servicios de Comunicaci\u00f3n de la Rep\u00fablica Argentina, reglamentada en 2023, y la \u201cprohibici\u00f3n directa\u201d ejercida por el Gobierno Nacional en sus diferentes reparticiones en referencia \u201cal uso de las diversas formas de lenguaje no sexista\u201d.<\/p>\n<p>\u201cSe trata de un cercenamiento de la libertad de expresi\u00f3n de las trabajadoras y los trabajadores, expresado con particular \u00e9nfasis en los medios de comunicaci\u00f3n de gesti\u00f3n estatal, como la Televisi\u00f3n P\u00fablica y Diputados TV\u201d, se plantea.<\/p>\n<p>Esta producci\u00f3n se llev\u00f3 a cabo en el marco del proyecto \u201cFortalecimiento sindical y seguridad en tiempos desafiantes para trabajadores y trabajadoras de prensa en Argentina\u201d de la Federaci\u00f3n Internacional de Periodistas (FIP) con el apoyo del Fondo para la Democracia y el Trabajo.<\/p>\n<p>La Carrera de Comunicaci\u00f3n investig\u00f3 y acopi\u00f3 informaci\u00f3n junto a la Federaci\u00f3n Argentina de Trabajadores de Prensa (FATPren) y al Sindicato de Prensa de Buenos Aires (SiPreBA) y lo present\u00f3, oficialmente, en el d\u00eda de ayer, en la Facultad de Ciencias Sociales de la UBA, donde estuvieron presentes periodistas y legisladores nacionales y provinciales.<\/p>\n<p>\u201cCensura, hostigamiento, precarizaci\u00f3n y despidos a periodistas; violencia y criminalizaci\u00f3n contra personas que toman la voz p\u00fablica; retracci\u00f3n de pol\u00edticas de comunicaci\u00f3n y desmantelamiento de medios y organismos p\u00fablicos; obst\u00e1culos en el acceso a la informaci\u00f3n p\u00fablica; asignaci\u00f3n discrecional de fondos publicitarios; ciberacoso y vigilancia digital, son algunos de los grandes ejes a partir de los cuales es posible agrupar y dar cuenta de los hechos ocurridos desde la llegada de Javier Milei a la presidencia en materia de libertad de expresi\u00f3n. El registro de lo ocurrido cobra un valor fundamental de cara al futuro, tanto para establecer las responsabilidades correspondientes por parte de actores estatales y paraestatales como para intentar poner un freno a esas violaciones de derechos\u201d, concluye el texto.<\/p>\n","protected":false},"excerpt":{"rendered":"<p>El documento fue publicado en conjunto por la carrera de Ciencias de la Comunicaci\u00f3n y distintas asociaciones de trabajadores de prensa. Sus realizadores afirman que se expusieron \u201cun gran n\u00famero de afectaciones\u201d al ejercicio period\u00edstico &nbsp; &nbsp; La Universidad de Buenos Aires, a trav\u00e9s de la Facultad de Ciencias Sociales y mediante un trabajo realizado por la carrera de Ciencias de la Comunicaci\u00f3n, present\u00f3 un informe sobre la libertad de expresi\u00f3n durante el primer a\u00f1o de gesti\u00f3n del presidente Javier Milei. El texto fue investigado y publicado en conjunto con&#8230;<\/p>\n","protected":false},"author":3,"featured_media":123702,"comment_status":"closed","ping_status":"closed","sticky":false,"template":"","format":"standard","meta":[],"categories":[18],"tags":[],"_links":{"self":[{"href":"https:\/\/www.actualidadadiario.com\/index.php\/wp-json\/wp\/v2\/posts\/123680"}],"collection":[{"href":"https:\/\/www.actualidadadiario.com\/index.php\/wp-json\/wp\/v2\/posts"}],"about":[{"href":"https:\/\/www.actualidadadiario.com\/index.php\/wp-json\/wp\/v2\/types\/post"}],"author":[{"embeddable":true,"href":"https:\/\/www.actualidadadiario.com\/index.php\/wp-json\/wp\/v2\/users\/3"}],"replies":[{"embeddable":true,"href":"https:\/\/www.actualidadadiario.com\/index.php\/wp-json\/wp\/v2\/comments?post=123680"}],"version-history":[{"count":1,"href":"https:\/\/www.actualidadadiario.com\/index.php\/wp-json\/wp\/v2\/posts\/123680\/revisions"}],"predecessor-version":[{"id":123682,"href":"https:\/\/www.actualidadadiario.com\/index.php\/wp-json\/wp\/v2\/posts\/123680\/revisions\/123682"}],"wp:featuredmedia":[{"embeddable":true,"href":"https:\/\/www.actualidadadiario.com\/index.php\/wp-json\/wp\/v2\/media\/123702"}],"wp:attachment":[{"href":"https:\/\/www.actualidadadiario.com\/index.php\/wp-json\/wp\/v2\/media?parent=123680"}],"wp:term":[{"taxonomy":"category","embeddable":true,"href":"https:\/\/www.actualidadadiario.com\/index.php\/wp-json\/wp\/v2\/categories?post=123680"},{"taxonomy":"post_tag","embeddable":true,"href":"https:\/\/www.actualidadadiario.com\/index.php\/wp-json\/wp\/v2\/tags?post=123680"}],"curies":[{"name":"wp","href":"https:\/\/api.w.org\/{rel}","templated":true}]}}