{"id":123678,"date":"2024-12-10T14:19:36","date_gmt":"2024-12-10T17:19:36","guid":{"rendered":"https:\/\/www.actualidadadiario.com\/?p=123678"},"modified":"2024-12-10T14:19:36","modified_gmt":"2024-12-10T17:19:36","slug":"francos-cuando-uno-llega-al-primer-ano-de-gestion-con-estos-numeros-se-pone-contento","status":"publish","type":"post","link":"https:\/\/www.actualidadadiario.com\/index.php\/2024\/12\/10\/francos-cuando-uno-llega-al-primer-ano-de-gestion-con-estos-numeros-se-pone-contento\/","title":{"rendered":"Francos: \u201cCuando uno llega al primer a\u00f1o de gesti\u00f3n con estos n\u00fameros se pone contento&#8221;"},"content":{"rendered":"<p style=\"text-align: center;\"><em><strong>El jefe de Gabinete analiz\u00f3 los logros conseguidos por el presidente Javier Milei desde diciembre de 2023 hasta la actualidad. Destac\u00f3 la baja de la inflaci\u00f3n y mantener el d\u00e9ficit cero<\/strong><\/em><\/p>\n<p>&nbsp;<\/p>\n<p>&nbsp;<\/p>\n<p>El jefe de Gabinete, Guillermo Francos, afirm\u00f3 que, a pesar de los problemas de salud que tuvo estos \u00faltimos tiempos, \u201ccuando se llega al primer a\u00f1o de gesti\u00f3n con estos n\u00fameros, se pone contento&#8221;.<\/p>\n<p>En declaraciones a Radio Rivadavia, analiz\u00f3 los logros conseguidos junto al equipo del presidente Javier Milei desde diciembre de 2023 hasta la actualidad y destac\u00f3 la baja de la inflaci\u00f3n y el d\u00e9ficit cero.<\/p>\n<p>&#8220;Bajamos la inflaci\u00f3n al 117% con todo en contra y tenemos n\u00fameros muy buenos. En tan solo un a\u00f1o conseguimos d\u00e9ficit cero, brecha cero y emisi\u00f3n cero con disciplina fiscal&#8221;, manifest\u00f3.<\/p>\n<p>En la misma l\u00ednea, destac\u00f3 que hoy Argentina es \u201cuna econom\u00eda en desarrollo\u201d cuando un a\u00f1o atr\u00e1s era un pa\u00eds \u201cque estaba al borde del hiper desastre&#8221;. &#8220;\u00bfHace cu\u00e1nto tiempo no ve\u00edamos un pa\u00eds normal?&#8221;, cuestion\u00f3.<\/p>\n<p>&#8220;\u00bfHace cu\u00e1nto no termin\u00e1bamos sin angustia el a\u00f1o? Nos daban tres meses como m\u00e1ximo. Tenemos que estar satisfechos con los logros que conseguimos&#8221;, remarc\u00f3.<\/p>\n<p>Asimismo, se\u00f1al\u00f3 que actualmente &#8220;estamos en un momento privilegiado\u201d y que quienes hoy son j\u00f3venes \u201cvan a vivir mucho mejor de lo que vivimos nosotros&#8221; cuando entren en la llamada tercera edad.<\/p>\n<p>Al ser consultado sobre los dichos de ayer del gobernador de la provincia de Buenos Aires, Axel Kicillof, sobre la supuesta adquisici\u00f3n de Aerol\u00edneas Argentinas, Francos asegur\u00f3 que \u201cno tiene sentido\u201d porque lo est\u00e1 expresando alguien que maneja \u201cuna provincia que tiene d\u00e9ficit y se endeuda\u201d.<\/p>\n<p>&#8220;\u00bfVa a asumir el cargo de una empresa que tiene d\u00e9ficit, tambi\u00e9n se endeuda y demanda fondos del Estado? No entiendo cu\u00e1l es su l\u00f3gica para creer que \u00e9l es la soluci\u00f3n del problema. Es rid\u00edculo. Las cuentas de la provincia de Buenos Aires no las est\u00e1 arreglando nadie&#8221;, concluy\u00f3.<\/p>\n","protected":false},"excerpt":{"rendered":"<p>El jefe de Gabinete analiz\u00f3 los logros conseguidos por el presidente Javier Milei desde diciembre de 2023 hasta la actualidad. Destac\u00f3 la baja de la inflaci\u00f3n y mantener el d\u00e9ficit cero &nbsp; &nbsp; El jefe de Gabinete, Guillermo Francos, afirm\u00f3 que, a pesar de los problemas de salud que tuvo estos \u00faltimos tiempos, \u201ccuando se llega al primer a\u00f1o de gesti\u00f3n con estos n\u00fameros, se pone contento&#8221;. En declaraciones a Radio Rivadavia, analiz\u00f3 los logros conseguidos junto al equipo del presidente Javier Milei desde diciembre de 2023 hasta la actualidad&#8230;<\/p>\n","protected":false},"author":3,"featured_media":122345,"comment_status":"closed","ping_status":"closed","sticky":false,"template":"","format":"standard","meta":[],"categories":[18],"tags":[],"_links":{"self":[{"href":"https:\/\/www.actualidadadiario.com\/index.php\/wp-json\/wp\/v2\/posts\/123678"}],"collection":[{"href":"https:\/\/www.actualidadadiario.com\/index.php\/wp-json\/wp\/v2\/posts"}],"about":[{"href":"https:\/\/www.actualidadadiario.com\/index.php\/wp-json\/wp\/v2\/types\/post"}],"author":[{"embeddable":true,"href":"https:\/\/www.actualidadadiario.com\/index.php\/wp-json\/wp\/v2\/users\/3"}],"replies":[{"embeddable":true,"href":"https:\/\/www.actualidadadiario.com\/index.php\/wp-json\/wp\/v2\/comments?post=123678"}],"version-history":[{"count":1,"href":"https:\/\/www.actualidadadiario.com\/index.php\/wp-json\/wp\/v2\/posts\/123678\/revisions"}],"predecessor-version":[{"id":123679,"href":"https:\/\/www.actualidadadiario.com\/index.php\/wp-json\/wp\/v2\/posts\/123678\/revisions\/123679"}],"wp:featuredmedia":[{"embeddable":true,"href":"https:\/\/www.actualidadadiario.com\/index.php\/wp-json\/wp\/v2\/media\/122345"}],"wp:attachment":[{"href":"https:\/\/www.actualidadadiario.com\/index.php\/wp-json\/wp\/v2\/media?parent=123678"}],"wp:term":[{"taxonomy":"category","embeddable":true,"href":"https:\/\/www.actualidadadiario.com\/index.php\/wp-json\/wp\/v2\/categories?post=123678"},{"taxonomy":"post_tag","embeddable":true,"href":"https:\/\/www.actualidadadiario.com\/index.php\/wp-json\/wp\/v2\/tags?post=123678"}],"curies":[{"name":"wp","href":"https:\/\/api.w.org\/{rel}","templated":true}]}}