{"id":123673,"date":"2024-12-10T14:14:41","date_gmt":"2024-12-10T17:14:41","guid":{"rendered":"https:\/\/www.actualidadadiario.com\/?p=123673"},"modified":"2024-12-10T14:14:41","modified_gmt":"2024-12-10T17:14:41","slug":"el-juez-maqueda-lanzo-una-fuerte-advertencia-sobre-el-futuro-de-las-instituciones","status":"publish","type":"post","link":"https:\/\/www.actualidadadiario.com\/index.php\/2024\/12\/10\/el-juez-maqueda-lanzo-una-fuerte-advertencia-sobre-el-futuro-de-las-instituciones\/","title":{"rendered":"El juez Maqueda lanz\u00f3 una fuerte advertencia sobre el futuro de las instituciones"},"content":{"rendered":"<p style=\"text-align: center;\"><em><strong>\u201cTemo por las instituciones\u201d, dijo Maqueda en su homenaje. El juez de la Corte Suprema reflexion\u00f3 sobre los desaf\u00edos que enfrenta la democracia<\/strong><\/em><\/p>\n<p>&nbsp;<\/p>\n<p>&nbsp;<\/p>\n<p>A d\u00edas de cumplir 75 a\u00f1os y de abandonar su cargo en la Corte Suprema, el juez Juan Carlos Maqueda fue homenajeado por su extensa trayectoria en el Colegio P\u00fablico de Abogados de la Capital Federal. Durante el evento, Maqueda aprovech\u00f3 la ocasi\u00f3n para expresar su preocupaci\u00f3n sobre el estado de las democracias globales y la estabilidad de las instituciones, un mensaje que fue recibido con gran atenci\u00f3n por sus colegas y la comunidad jur\u00eddica.<\/p>\n<p>Preocupaci\u00f3n por el futuro de las democracias<\/p>\n<p>En su intervenci\u00f3n, Maqueda no solo rememor\u00f3 su extensa carrera, sino que lanz\u00f3 una alerta contundente sobre el rumbo de las democracias en el mundo. &#8220;Temo por los poderes judiciales y los poderes legislativos; temo por las instituciones&#8221;, afirm\u00f3 con preocupaci\u00f3n. En un contexto en el que las democracias parecen atravesar momentos de incertidumbre, el juez destac\u00f3 la necesidad de proteger los l\u00edmites que definen la independencia del Poder Judicial.<\/p>\n<p>&nbsp;<\/p>\n<p><strong>La independencia judicial como baluarte<\/strong><\/p>\n<p>Maqueda enfatiz\u00f3 que, a pesar de las presiones que enfrenta el Poder Judicial, la independencia de los tribunales debe seguir siendo un principio inviolable. &#8220;El Poder Judicial es molesto para todo Ejecutivo, pero eso es parte de los l\u00edmites que deben seguir existiendo&#8221;, indic\u00f3 el ministro de la Corte, haciendo un llamado a mantener el camino de la democracia constitucional.<\/p>\n<p>&nbsp;<\/p>\n<p><strong>El rol de la educaci\u00f3n c\u00edvica<\/strong><\/p>\n<p>El juez aprovech\u00f3 para convocar a una reflexi\u00f3n m\u00e1s profunda sobre la democracia, se\u00f1alando que no solo se trata de elegir presidentes, sino de hacer educaci\u00f3n c\u00edvica de la democracia en su totalidad. Un aspecto que, seg\u00fan \u00e9l, est\u00e1 siendo dejado de lado en muchos sectores del mundo.<\/p>\n<p>&nbsp;<\/p>\n<p><strong>Homenaje y reflexiones<\/strong><\/p>\n<p>Durante el homenaje, diversas personalidades del \u00e1mbito jur\u00eddico expresaron su admiraci\u00f3n por la labor de Maqueda en la Corte Suprema. Ricardo Gil Lavedra destac\u00f3 su conducta ejemplar, subrayando su compromiso con la independencia judicial y su bajo perfil. A lo largo de sus 22 a\u00f1os en el tribunal, Maqueda ha sido un defensor del federalismo y ha trabajado en innumerables causas de gran relevancia para el pa\u00eds.<\/p>\n<p>&nbsp;<\/p>\n<p><strong>Desaf\u00edos actuales y el futuro de las instituciones<\/strong><\/p>\n<p>En su discurso, Maqueda tambi\u00e9n cit\u00f3 los estudios de los economistas ganadores del Premio Nobel, Daron Acemoglu, Simon Johnson y James A. Robinson, quienes han destacado la importancia de las instituciones en el desarrollo econ\u00f3mico. El juez expres\u00f3 su preocupaci\u00f3n por el desorden global y la incertidumbre que atraviesa el mundo contempor\u00e1neo, comparando la situaci\u00f3n actual con la estabilidad que ofrec\u00edan las democracias del siglo XVIII.<\/p>\n<p>Para Maqueda, la democracia no es solo una cuesti\u00f3n de gobernantes, sino de una estructura de instituciones que deben ser preservadas a toda costa. &#8220;Hoy en d\u00eda vemos c\u00f3mo las instituciones democr\u00e1ticas se debilitan, y esto deber\u00eda ser motivo de una gran preocupaci\u00f3n para todos&#8221;, concluy\u00f3 el ministro de la Corte, en un mensaje que reson\u00f3 fuertemente en el auditorio.<\/p>\n","protected":false},"excerpt":{"rendered":"<p>\u201cTemo por las instituciones\u201d, dijo Maqueda en su homenaje. El juez de la Corte Suprema reflexion\u00f3 sobre los desaf\u00edos que enfrenta la democracia &nbsp; &nbsp; A d\u00edas de cumplir 75 a\u00f1os y de abandonar su cargo en la Corte Suprema, el juez Juan Carlos Maqueda fue homenajeado por su extensa trayectoria en el Colegio P\u00fablico de Abogados de la Capital Federal. Durante el evento, Maqueda aprovech\u00f3 la ocasi\u00f3n para expresar su preocupaci\u00f3n sobre el estado de las democracias globales y la estabilidad de las instituciones, un mensaje que fue recibido&#8230;<\/p>\n","protected":false},"author":3,"featured_media":123674,"comment_status":"closed","ping_status":"closed","sticky":false,"template":"","format":"standard","meta":[],"categories":[18],"tags":[],"_links":{"self":[{"href":"https:\/\/www.actualidadadiario.com\/index.php\/wp-json\/wp\/v2\/posts\/123673"}],"collection":[{"href":"https:\/\/www.actualidadadiario.com\/index.php\/wp-json\/wp\/v2\/posts"}],"about":[{"href":"https:\/\/www.actualidadadiario.com\/index.php\/wp-json\/wp\/v2\/types\/post"}],"author":[{"embeddable":true,"href":"https:\/\/www.actualidadadiario.com\/index.php\/wp-json\/wp\/v2\/users\/3"}],"replies":[{"embeddable":true,"href":"https:\/\/www.actualidadadiario.com\/index.php\/wp-json\/wp\/v2\/comments?post=123673"}],"version-history":[{"count":1,"href":"https:\/\/www.actualidadadiario.com\/index.php\/wp-json\/wp\/v2\/posts\/123673\/revisions"}],"predecessor-version":[{"id":123675,"href":"https:\/\/www.actualidadadiario.com\/index.php\/wp-json\/wp\/v2\/posts\/123673\/revisions\/123675"}],"wp:featuredmedia":[{"embeddable":true,"href":"https:\/\/www.actualidadadiario.com\/index.php\/wp-json\/wp\/v2\/media\/123674"}],"wp:attachment":[{"href":"https:\/\/www.actualidadadiario.com\/index.php\/wp-json\/wp\/v2\/media?parent=123673"}],"wp:term":[{"taxonomy":"category","embeddable":true,"href":"https:\/\/www.actualidadadiario.com\/index.php\/wp-json\/wp\/v2\/categories?post=123673"},{"taxonomy":"post_tag","embeddable":true,"href":"https:\/\/www.actualidadadiario.com\/index.php\/wp-json\/wp\/v2\/tags?post=123673"}],"curies":[{"name":"wp","href":"https:\/\/api.w.org\/{rel}","templated":true}]}}