{"id":123671,"date":"2024-12-10T14:13:39","date_gmt":"2024-12-10T17:13:39","guid":{"rendered":"https:\/\/www.actualidadadiario.com\/?p=123671"},"modified":"2024-12-10T14:13:39","modified_gmt":"2024-12-10T17:13:39","slug":"el-gobierno-demora-el-llamado-a-sesiones-extraordinarias-mientras-engrosa-el-temario","status":"publish","type":"post","link":"https:\/\/www.actualidadadiario.com\/index.php\/2024\/12\/10\/el-gobierno-demora-el-llamado-a-sesiones-extraordinarias-mientras-engrosa-el-temario\/","title":{"rendered":"El Gobierno demora el llamado a sesiones extraordinarias mientras engrosa el temario"},"content":{"rendered":"<p style=\"text-align: center;\"><em><strong>Pese al anuncio, el Ejecutivo no oficializ\u00f3 la medida. Se discuten nuevas iniciativas mientras se espera una semana clave en el Congreso<\/strong><\/em><\/p>\n<p>&nbsp;<\/p>\n<p>&nbsp;<\/p>\n<p>Pese a que el Gobierno hab\u00eda anunciado que desde el 5 de diciembre iba a haber sesiones extraordinarias, todav\u00eda no sali\u00f3 publicado en el Bolet\u00edn Oficial el decreto que oficializa la iniciativa. En este marco, cada vez le quedan menos d\u00edas a los legisladores para tratar el temario anunciado por el propio el vocero presidencial Manuel Adorni.<\/p>\n<p>En Casa Rosada confirmaron que por estas horas se est\u00e1 discutiendo incluir m\u00e1s ejes, que hasta ahora abarca Reforma electoral, Reforma pol\u00edtica, Juicio en ausencia, Ley anti mafia, Viajes del presidente y Reforma de los fueros de la pol\u00edtica.<\/p>\n<p>Si bien no trascendieron detalles sobre qu\u00e9 nuevas iniciativas planea incluir el Ejecutivo, algunos de los temas que se ven\u00edan mencionando sobre la mesa eran Pliegos de la Corte Suprema, Privatizaci\u00f3n de Aerol\u00edneas Argentinas, Reiterancia y Juicio por Jurados.<\/p>\n<p>Fuentes de Balcarce 50 se\u00f1alaron a este medio que la publicaci\u00f3n del vocero fue &#8220;apresurada&#8221;, debido a que los proyectos no estaban cerrados. En ese sentido, en el Gobierno reconocieron que &#8220;algunas iniciativas no tienen los votos pero se sumaron para instalar agenda&#8221;.<\/p>\n<p>De hecho, la oposici\u00f3n dialoguista asegura que no fue contactada por el oficialismo para acordar las sesiones extraordinarias, lo cual pone en dudas los consensos necesarios para el \u00e9xito del paquete de medidas.<\/p>\n<p>&nbsp;<\/p>\n<p><strong>El esc\u00e1ndalo Kueider y su impacto en el Gobierno<\/strong><\/p>\n<p>En ese marco entr\u00f3 la Reforma de los fueros de la pol\u00edtica, que se incluy\u00f3 horas antes de la detenci\u00f3n del senador Edgardo Kueider en Paraguay con m\u00e1s de u$s200 mil sin declarar. &#8220;Nos vino como anillo al dedo&#8221;, aseguran en los despachos oficiales.<\/p>\n<p>Como cont\u00f3 este medio, el Ejecutivo minimiz\u00f3 la ca\u00edda de Ficha Limpia en Diputados, pero cuando comenzaron a multiplicarse los cuestionamientos en su electorado, sali\u00f3 a aclarar que impulsar\u00e1 una propuesta de similares caracter\u00edsticas. En eso estaban cuando estall\u00f3 el esc\u00e1ndalo Kueider.<\/p>\n<p>El interbloque que encabeza Jos\u00e9 Mayans se propone el jueves de esta semana intentar sesionar para tratar de expulsar del cuerpo al senador, que ya pidi\u00f3 licencia hasta que la Justicia se expida. Para contrarrestar el tema -que el Gobierno sabe dominar\u00e1 la agenda- comenz\u00f3 a agitar un proyecto que redobla la apuesta: que sean expulsados de ambas c\u00e1maras todos aquellos diputados y senadores que tengan causas abiertas.<\/p>\n<p>Lo que se propone el Ejecutivo con esto es contrarrestar a la oposici\u00f3n y poner en la misma l\u00ednea de Kueider a otros legisladores de Uni\u00f3n por la Patria procesados, como por ejemplo M\u00e1ximo Kirchner y Oscar Parrilli.<\/p>\n<p>En l\u00ednea con eso, Manuel Adorni hizo una encuesta en su cuenta de X en la que pregunt\u00f3 a la sociedad si estaba a favor de destituir a todos los diputados y senadores que tengan causas judiciales. El propio Javier Milei se mostr\u00f3 muy activo en sus redes sociales durante el fin de semana y se dedic\u00f3 a repostear mensajes referidos a la necesidad de \u201cfumigar el Congreso\u201d. \u201cFuera las ratas, a fumigar el Congreso\u201d, era una de las publicaciones, en la que se ve\u00eda una imagen de un le\u00f3n lanzando gas contra roedores.<\/p>\n<p>En caso de que se avance en la destituci\u00f3n de Kueider, su banca ser\u00e1 ocupada por Stefan\u00eda Cora, quien lo acompa\u00f1\u00f3 en la lista en segundo lugar. Se trata de una de las principales referente de La C\u00e1mpora de Entre R\u00edos, lo que asegurar\u00eda al kirchnerismo 34 senadores, muy cerca de qu\u00f3rum (37).<\/p>\n","protected":false},"excerpt":{"rendered":"<p>Pese al anuncio, el Ejecutivo no oficializ\u00f3 la medida. Se discuten nuevas iniciativas mientras se espera una semana clave en el Congreso &nbsp; &nbsp; Pese a que el Gobierno hab\u00eda anunciado que desde el 5 de diciembre iba a haber sesiones extraordinarias, todav\u00eda no sali\u00f3 publicado en el Bolet\u00edn Oficial el decreto que oficializa la iniciativa. En este marco, cada vez le quedan menos d\u00edas a los legisladores para tratar el temario anunciado por el propio el vocero presidencial Manuel Adorni. En Casa Rosada confirmaron que por estas horas se&#8230;<\/p>\n","protected":false},"author":3,"featured_media":56503,"comment_status":"closed","ping_status":"closed","sticky":false,"template":"","format":"standard","meta":[],"categories":[18],"tags":[],"_links":{"self":[{"href":"https:\/\/www.actualidadadiario.com\/index.php\/wp-json\/wp\/v2\/posts\/123671"}],"collection":[{"href":"https:\/\/www.actualidadadiario.com\/index.php\/wp-json\/wp\/v2\/posts"}],"about":[{"href":"https:\/\/www.actualidadadiario.com\/index.php\/wp-json\/wp\/v2\/types\/post"}],"author":[{"embeddable":true,"href":"https:\/\/www.actualidadadiario.com\/index.php\/wp-json\/wp\/v2\/users\/3"}],"replies":[{"embeddable":true,"href":"https:\/\/www.actualidadadiario.com\/index.php\/wp-json\/wp\/v2\/comments?post=123671"}],"version-history":[{"count":1,"href":"https:\/\/www.actualidadadiario.com\/index.php\/wp-json\/wp\/v2\/posts\/123671\/revisions"}],"predecessor-version":[{"id":123672,"href":"https:\/\/www.actualidadadiario.com\/index.php\/wp-json\/wp\/v2\/posts\/123671\/revisions\/123672"}],"wp:featuredmedia":[{"embeddable":true,"href":"https:\/\/www.actualidadadiario.com\/index.php\/wp-json\/wp\/v2\/media\/56503"}],"wp:attachment":[{"href":"https:\/\/www.actualidadadiario.com\/index.php\/wp-json\/wp\/v2\/media?parent=123671"}],"wp:term":[{"taxonomy":"category","embeddable":true,"href":"https:\/\/www.actualidadadiario.com\/index.php\/wp-json\/wp\/v2\/categories?post=123671"},{"taxonomy":"post_tag","embeddable":true,"href":"https:\/\/www.actualidadadiario.com\/index.php\/wp-json\/wp\/v2\/tags?post=123671"}],"curies":[{"name":"wp","href":"https:\/\/api.w.org\/{rel}","templated":true}]}}