{"id":123668,"date":"2024-12-10T14:13:01","date_gmt":"2024-12-10T17:13:01","guid":{"rendered":"https:\/\/www.actualidadadiario.com\/?p=123668"},"modified":"2024-12-10T14:13:01","modified_gmt":"2024-12-10T17:13:01","slug":"el-gobierno-prohibe-imagenes-simbolos-y-obras-en-edificios-publicos-que-puedan-interpretarse-como-propaganda-politica","status":"publish","type":"post","link":"https:\/\/www.actualidadadiario.com\/index.php\/2024\/12\/10\/el-gobierno-prohibe-imagenes-simbolos-y-obras-en-edificios-publicos-que-puedan-interpretarse-como-propaganda-politica\/","title":{"rendered":"El Gobierno proh\u00edbe \u201cim\u00e1genes, s\u00edmbolos y obras\u201d en edificios p\u00fablicos, \u201cque puedan interpretarse como propaganda pol\u00edtica\u201d"},"content":{"rendered":"<p style=\"text-align: center;\"><em><strong>\u201cEl fin que se pretende es dotar de mayor objetividad a las denominaciones o nomenclaturas y evitar que sufran los vaivenes propios de los cambios de gobierno, permitiendo de esa manera que el transcurso del tiempo y la objetividad que este brinda sea quien emita un juicio justo y equilibrado sobre las decisiones tomadas por los funcionarios\u201d, detalla el decreto que se publica este martes en el Bolet\u00edn Oficial<\/strong><\/em><\/p>\n<p>&nbsp;<\/p>\n<p>&nbsp;<\/p>\n<p>El presidente Javier Milei oficializ\u00f3 hoy un decreto que establece limitaciones para la utilizaci\u00f3n de nombres propios en bienes del Estado Nacional, buscando evitar el uso de recursos p\u00fablicos con fines de autopromoci\u00f3n personal o partidaria.<\/p>\n<p>La normativa proh\u00edbe denominar bienes estatales con nombres de personalidades pol\u00edticas antes de transcurridos diez a\u00f1os desde su fallecimiento y considera esta pr\u00e1ctica como una infracci\u00f3n grave de los principios republicanos.<\/p>\n<p>En el art\u00edculo 1\u00b0, el decreto establece: \u201cProh\u00edbese la exhibici\u00f3n, colocaci\u00f3n o difusi\u00f3n de im\u00e1genes, s\u00edmbolos, obras o cualquier otra referencia personal que pueda interpretarse como una forma de propaganda pol\u00edtica partidaria o de culto a la personalidad pol\u00edtica en edificios u obras p\u00fablicas, oficinas, monumentos u otros bienes muebles o inmuebles pertenecientes al Estado Nacional\u201d.<\/p>\n<p>&nbsp;<\/p>\n<p><strong>Edificios P\u00fablicos<\/strong><\/p>\n<p>La medida tambi\u00e9n busca garantizar la objetividad en las denominaciones de espacios p\u00fablicos, argumentando que estas decisiones no deben depender de los vaivenes pol\u00edticos. \u201cEl fin que se pretende es dotar de mayor objetividad a las denominaciones o nomenclaturas y evitar que sufran los vaivenes propios de los cambios de gobierno, permitiendo de esa manera que el transcurso del tiempo y la objetividad que este brinda sea quien emita un juicio justo y equilibrado sobre las decisiones tomadas por los funcionarios\u201d, detalla el texto.<\/p>\n<p>Entre las disposiciones m\u00e1s relevantes, el art\u00edculo 3\u00b0 estipula: \u201cProh\u00edbese a los funcionarios p\u00fablicos, independientemente de su rango y modo de designaci\u00f3n o contrataci\u00f3n, utilizar recursos o bienes del dominio p\u00fablico o privado del Estado Nacional con la finalidad de promocionar, celebrar, conmemorar y homenajear su propia imagen, ideolog\u00eda, afiliaci\u00f3n pol\u00edtica, partido pol\u00edtico o cualquier atributo personal\u201d.<\/p>\n<p>Adem\u00e1s, el decreto habilita a los ciudadanos a denunciar posibles infracciones sin costo alguno, a trav\u00e9s de la plataforma digital Tr\u00e1mites a Distancia (TAD). El incumplimiento de estas normativas ser\u00e1 considerado como una \u201cinfracci\u00f3n grave\u201d y podr\u00eda derivar en responsabilidades administrativas, patrimoniales y penales para los implicados.<\/p>\n","protected":false},"excerpt":{"rendered":"<p>\u201cEl fin que se pretende es dotar de mayor objetividad a las denominaciones o nomenclaturas y evitar que sufran los vaivenes propios de los cambios de gobierno, permitiendo de esa manera que el transcurso del tiempo y la objetividad que este brinda sea quien emita un juicio justo y equilibrado sobre las decisiones tomadas por los funcionarios\u201d, detalla el decreto que se publica este martes en el Bolet\u00edn Oficial &nbsp; &nbsp; El presidente Javier Milei oficializ\u00f3 hoy un decreto que establece limitaciones para la utilizaci\u00f3n de nombres propios en bienes&#8230;<\/p>\n","protected":false},"author":3,"featured_media":123669,"comment_status":"closed","ping_status":"closed","sticky":false,"template":"","format":"standard","meta":[],"categories":[9],"tags":[],"_links":{"self":[{"href":"https:\/\/www.actualidadadiario.com\/index.php\/wp-json\/wp\/v2\/posts\/123668"}],"collection":[{"href":"https:\/\/www.actualidadadiario.com\/index.php\/wp-json\/wp\/v2\/posts"}],"about":[{"href":"https:\/\/www.actualidadadiario.com\/index.php\/wp-json\/wp\/v2\/types\/post"}],"author":[{"embeddable":true,"href":"https:\/\/www.actualidadadiario.com\/index.php\/wp-json\/wp\/v2\/users\/3"}],"replies":[{"embeddable":true,"href":"https:\/\/www.actualidadadiario.com\/index.php\/wp-json\/wp\/v2\/comments?post=123668"}],"version-history":[{"count":1,"href":"https:\/\/www.actualidadadiario.com\/index.php\/wp-json\/wp\/v2\/posts\/123668\/revisions"}],"predecessor-version":[{"id":123670,"href":"https:\/\/www.actualidadadiario.com\/index.php\/wp-json\/wp\/v2\/posts\/123668\/revisions\/123670"}],"wp:featuredmedia":[{"embeddable":true,"href":"https:\/\/www.actualidadadiario.com\/index.php\/wp-json\/wp\/v2\/media\/123669"}],"wp:attachment":[{"href":"https:\/\/www.actualidadadiario.com\/index.php\/wp-json\/wp\/v2\/media?parent=123668"}],"wp:term":[{"taxonomy":"category","embeddable":true,"href":"https:\/\/www.actualidadadiario.com\/index.php\/wp-json\/wp\/v2\/categories?post=123668"},{"taxonomy":"post_tag","embeddable":true,"href":"https:\/\/www.actualidadadiario.com\/index.php\/wp-json\/wp\/v2\/tags?post=123668"}],"curies":[{"name":"wp","href":"https:\/\/api.w.org\/{rel}","templated":true}]}}