{"id":123666,"date":"2024-12-10T14:10:29","date_gmt":"2024-12-10T17:10:29","guid":{"rendered":"https:\/\/www.actualidadadiario.com\/?p=123666"},"modified":"2024-12-10T14:10:29","modified_gmt":"2024-12-10T17:10:29","slug":"en-un-ano-de-gestion-la-politica-de-derechos-humanos-de-milei-quebro-el-consenso-construido-desde-1983","status":"publish","type":"post","link":"https:\/\/www.actualidadadiario.com\/index.php\/2024\/12\/10\/en-un-ano-de-gestion-la-politica-de-derechos-humanos-de-milei-quebro-el-consenso-construido-desde-1983\/","title":{"rendered":"En un a\u00f1o de gesti\u00f3n, la pol\u00edtica de derechos humanos de Milei quebr\u00f3 el consenso construido desde 1983"},"content":{"rendered":"<p style=\"text-align: center;\"><em><strong>\u201cNo fueron 30.000 desaparecidos\u201d y \u201clas fuerzas del Estado cometieron excesos\u201d fueron algunas de las frases pronunciadas por el Presidente y otros representantes del Gobierno nacional. Distintos especialistas advirtieron acerca de la \u201cderiva peligrosa\u201d que puede tomar este discurso ante posibles conflictos pol\u00edticos y sociales<\/strong><\/em><\/p>\n<p>&nbsp;<\/p>\n<p>&nbsp;<\/p>\n<p>Javier Milei pronuncia su discurso en la apertura de sesiones ordinarias de la Asamblea Legislativa. Es la primera vez que habla en el recinto del Congreso. El d\u00eda de su asunci\u00f3n como Presidente, lo hab\u00eda hecho en la puerta del Palacio Legislativo y de espaldas a la puerta principal. Dice: \u201cDurante la pandemia, si hubi\u00e9ramos hecho las cosas como un pa\u00eds no mediocre, hubi\u00e9ramos tenido 30.000 muertos\u2026 De verdad\u201d. Decenas de legisladores y el p\u00fablico en los palcos lo aplauden. Ellos, y quienes rechazan esas palabras, saben a qu\u00e9 se refiere con la menci\u00f3n de la cifra y el comentario, para nada casual, de \u201cde verdad\u201d.<\/p>\n<p>Semanas despu\u00e9s, el 24 de marzo, con motivo del D\u00eda de la Memoria, el Gobierno difundi\u00f3 en sus redes sociales un video en el que afirm\u00f3 que el n\u00famero de 30.000 desaparecidos, que comenz\u00f3 a difundirse inclusive durante la \u00faltima dictadura como una estimaci\u00f3n de las denuncias recibidas en el pa\u00eds y el exterior, era \u201cinventado\u201d y \u201cun gran negocio\u201d, seg\u00fan dijo en ese momento Luis Labra\u00f1a, exguerrillero de distintas organizaciones como Montoneros.<\/p>\n<p>Desde antes de su llegada al Gobierno, Milei, al igual que su vicepresidenta, Victoria Villarruel, y varios de sus asesores y militantes, cuestionaron en distintas oportunidades la validez de la cifra de 30.000 desaparecidos como consecuencia de la represi\u00f3n ilegal ejercida por la \u00faltima dictadura c\u00edvico militar (1976-1983).<\/p>\n<p>\u201cValoramos la visi\u00f3n de memoria, verdad y justicia. Empecemos por la verdad: no fueron 30.000 los desaparecidos. Son 8.753\u201d, hab\u00eda afirmado Milei en el primer debate de los candidatos presidenciales en octubre del 2023. Esa noche, en Santiago del Estero, tambi\u00e9n hab\u00eda asegurado que durante los a\u00f1os 70 \u201clas fuerzas del Estado cometieron excesos\u201d durante una \u201cguerra\u201d en la que, sostuvo, los terroristas del ERP y Montoneros mataron, pusieron bombas y cometieron delitos de lesa humanidad. No estamos de acuerdo con los curros de los derechos humanos\u201c, prosigui\u00f3.<\/p>\n<p>Y d\u00edas despu\u00e9s fue Villarruel quien, en otro debate electoral, ponder\u00f3 la supuesta inocencia del represor Juan Daniel Amelong, teniente del Ej\u00e9rcito condenado en cinco ocasiones (cuatro de ellas a prisi\u00f3n perpetua) por delitos de lesa humanidad perpetrados durante la dictadura en Rosario.<\/p>\n<p>M\u00e1s ac\u00e1 en el tiempo, Agust\u00edn Laje, presidente de la Fundaci\u00f3n Faro de ultraderecha, integrada por asesores y allegados al Gobierno de Milei, insult\u00f3 a las Madres de Plaza de Mayo y afirm\u00f3: \u201cCriaron chicos para matar y, una vez que terminaron con las vidas de estas basuras, lloraron derechos humanos\u201d.<\/p>\n<p>El Congreso Nacional, el mismo donde Milei habl\u00f3 de los 30.000 \u201cde verdad\u201d, sigue sin definir una sanci\u00f3n para los seis diputados de La Libertad Avanza que en julio pasado visitaron en prisi\u00f3n a un grupo de represores que cumplen condenas tras ser juzgados por haber cometido delitos de lesa humanidad. Uno de los detenidos fue Alfredo Astiz, emblema del terrorismo de Estado en los 70. Entre las v\u00edctimas de Astiz, que operaba en los Grupos de Tareas de la ex Escuela de Mec\u00e1nica de la Armada (ESMA), se encontraron tres Madres de Plaza de Mayo que buscaban a sus hijos desaparecidos y las monjas francesas Alice Domon y L\u00e9onie Duquet, quienes fueron homenajeadas el pasado domingo al conmemorarse 47 aniversario del secuestro en la Iglesia Santa Cruz y asesinato tras ser arrojadas al mar en los llamados \u201cvuelos de la muerte\u201d.<\/p>\n<p>\u201cLa Memoria est\u00e1 en emergencia\u201d, alertaron en octubre pasado los organismos de derechos humanos ante el \u201cdesguace y desfinanciamiento\u201d de la Secretar\u00eda de Derechos Humanos de la Naci\u00f3n. \u201cEl Gobierno avanza sobre el vaciamiento de \u00e1reas del Estado, el despido masivo de trabajadores y trabajadoras, y el desmantelamiento de pol\u00edticas de Estado\u201d, cuestionaron en un comunicado Abuelas de Plaza de Mayo, Madres L\u00ednea Fundadora, Familiares, H.I.J.O.S. Capital, la APDH, el CELS, entre otros.<\/p>\n<p>&nbsp;<\/p>\n<p><strong>Un discurso marginal llega al Gobierno<\/strong><\/p>\n<p>\u201cEl ascenso de Milei al Gobierno llev\u00f3 a la Casa de Gobierno un discurso de reivindicaci\u00f3n de la \u00faltima dictadura que era marginal. Esto no hab\u00eda existido jam\u00e1s en los 41 a\u00f1os de democracia ininterrumpida en Argentina. Ni en la \u00e9poca de Carlos Menem, con sus indultos a las c\u00fapulas militares. Es un cambio notorio y no menor porque se trata de un punto de inflexi\u00f3n muy grande en este pacto democr\u00e1tico que hab\u00edamos construido los argentinos desde 1983\u201d, dijo Germ\u00e1n Ferrari, docente y periodista, autor de los libros \u201c1983, el a\u00f1o de la democracia\u201d y \u201cS\u00edmbolos y fantasmas. Las v\u00edctimas de la guerrilla: de la amnist\u00eda a la \u2018justicia para todos\u2019\u201d. En este \u00faltimo trabajo, publicado en 2009, Ferrari cit\u00f3 la presencia de Victoria Villarruel como fundadora del Centro de Estudios Legales sobre el Terrorismo y sus V\u00edctimas (Celtyv), en aquel momento \u201cun sector marginal que aparec\u00eda en blogs de extrema derecha\u201d en los que tambi\u00e9n publicaban, entre otros, Agust\u00edn Laje y Nicol\u00e1s M\u00e1rquez, bi\u00f3grafo de Milei.<\/p>\n<p>\u201cEl ascenso pol\u00edtico de Villarroel \u2013indic\u00f3 Ferrari\u2013 obedece a un contexto en el cual hay un aval por parte de ciertos sectores de la sociedad a un discurso negacionista que, con todos sus matices, parec\u00eda ya superado\u201d. Sin embargo, coment\u00f3 el periodista, 15 a\u00f1os despu\u00e9s de la publicaci\u00f3n de su libro el escenario \u201cse ha modificado muy profundamente a partir de este fen\u00f3meno, no s\u00f3lo argentino sino internacional, de puesta en cuestionamiento de los pactos democr\u00e1ticos vinculados a los derechos humanos\u201d. A nivel global, Ferrari cit\u00f3 que una situaci\u00f3n similar se da en Espa\u00f1a con el partido de ultraderecha Vox, que reivindica el franquismo. \u201cEsto es un desaf\u00edo no solamente para los organismos de derechos humanos, sino para los amplios sectores democr\u00e1ticos de la sociedad, incluyendo a partidos pol\u00edticos, los sindicatos y la iglesia, de rever estos discursos muy emparentados con los de odio. \u00bfC\u00f3mo se pueden contrarrestar? Desde el pensamiento, la acci\u00f3n, desde la creatividad para que las pol\u00edticas de memoria, verdad y justicia tengan una prolongaci\u00f3n en el tiempo, m\u00e1s all\u00e1 de este tipo de discursos reivindicatorios de la dictadura\u201d, sostuvo Ferrari.<\/p>\n<p>Los doctores en Historia Hern\u00e1n Confino y Rodrigo Gonz\u00e1lez Tiz\u00f3n publicaron semanas atr\u00e1s el libro \u201cAnatom\u00eda de una mentira. Qui\u00e9nes y por qu\u00e9 justifican la represi\u00f3n de los setenta\u201d, editado por Fondo de Cultura Econ\u00f3mica (FCE). El trabajo repasa las voces y los grupos que, durante los \u00faltimos a\u00f1os, polemizaron con las memorias promovidas desde el Estado democr\u00e1tico y el movimiento de derechos humanos acerca de lo sucedido en Argentina hace alrededor de medio siglo. Confino y Gonz\u00e1lez Tiz\u00f3n se\u00f1alan que aquellas ideas, para nada novedosas, lograron \u201cvestirse de novedad y, en pleno siglo XXI, cuestionar los consensos construidos durante 40 a\u00f1os de democracia en torno a la gravedad de las violaciones a los derechos humanos cometidas por el Estado argentino en el pasado reciente\u201d. El libro discute cuatro \u201ctrincheras\u201d ideol\u00f3gicas desde las cuales las nuevas derechas libran su \u201cbatalla cultural\u201d por la memoria.<\/p>\n<p>\u201cEstos discursos que vemos con mucha circulaci\u00f3n en el espacio p\u00fablico, como la idea de cuestionar la cifra de desaparecidos o tratar de instalar la idea que hay un enemigo interno que amenaza a la Naci\u00f3n, que piensan el conflicto social y pol\u00edtico en los t\u00e9rminos de una guerra, tiene consecuencias en el presente y pueden tener una deriva peligrosa\u201d, indic\u00f3 Gonz\u00e1lez Tiz\u00f3n. Al respecto, Confino, tambi\u00e9n en di\u00e1logo con este medio, se\u00f1al\u00f3 que el Gobierno de Milei busca emparentar la figura del \u201csubversivo de ayer\u201d con el accionar de organizaciones como las feministas, ambientales o de izquierda.<\/p>\n<p>Al igual que lo dijo Ferrari, tanto Confino como Gonz\u00e1lez Tiz\u00f3n opinaron que la llegada al poder de Milei \u201ctraspas\u00f3 de una manera bastante abrupta y terrible el consenso democr\u00e1tico del alfonsinismo. Pensamos que ninguno de los interlocutores del campo pol\u00edtico iba a ponerlo en duda porque era un l\u00edmite que no se pod\u00eda franquear, pero uno de ellos obtuvo un importante respaldo en las urnas\u201d, recordaron.<\/p>\n<p>Confino y Gonz\u00e1lez Tiz\u00f3n, en tanto, destacaron que los discursos que buscan \u201crelativizar, justificar o minimizar los cr\u00edmenes de la dictadura\u201d tambi\u00e9n brindan algunas claves para entender c\u00f3mo \u201cdeterminadas tensiones que atravesaron las pol\u00edticas de derechos humanos de los \u00faltimos 20 a\u00f1os produjeron un caldo de cultivo para que llegar a esta situaci\u00f3n\u201d<\/p>\n<p>\u201cHay una estructura de oportunidad que gener\u00f3 la nueva derecha para que los discursos referidos a los 70 convivan con otros. La juventud libertaria los utiliza para pensar otras din\u00e1micas. Entonces dice \u2018nunca m\u00e1s\u2019, pero aplicado a la \u2018infectadura\u2019, por ejemplo. O \u2018aparici\u00f3n con vida\u2019, pero dedicado a aquellos que fueron reprimidos por la fuerzas de seguridad durante la cuarentena. Vemos que la extensi\u00f3n del problema de los 70 en la discusi\u00f3n p\u00fablica viene de la mano de la p\u00e9rdida de su especificidad\u201d, plante\u00f3 Confino.<\/p>\n<p>El gobierno de Milei y sus allegados \u201cintentan atacar muy fuertemente aquel pacto social al que llegamos hace 41 a\u00f1os de condenar lo que vivimos en la dictadura militar porque este proceso de devastaci\u00f3n social actual no cierra sin represi\u00f3n y la reinstalaci\u00f3n de la sociedad de la crueldad\u201d, evalu\u00f3 en declaraciones Claudia Rocca, presidenta de la Asociaci\u00f3n Americana de Juristas de Argentina.<\/p>\n<p>Rocca resalt\u00f3 que Milei, a partir de un \u201cdesmantelamiento del Estado social y democr\u00e1tico, diluye la vigencia de los derechos humanos fundamentales: g\u00e9nero, alimentaci\u00f3n, salud, educaci\u00f3n y vivienda\u201d. En ese sentido, Rocca explic\u00f3 que la visita que diputados de LLA hicieron a represores detenidos por delitos de lesa humanidad no solo representa una \u201creivindicaci\u00f3n de esas figuras que ya fueron condenadas por infinidad de cr\u00edmenes. No solamente se busca destruir el proceso de memoria, verdad y justicia, sino que se est\u00e1 cambiando el paradigma social, econ\u00f3mico, pol\u00edtico y democr\u00e1tico. Por eso es necesaria, justamente, la reivindicaci\u00f3n de aquel genocidio\u201d, asegur\u00f3 Rocca.<\/p>\n<p>La presidenta de la Asociaci\u00f3n Americana de Juristas de Argentina, en tanto, advirti\u00f3 que bajo la gesti\u00f3n de Milei puede agravarse la demora con que se llevan adelante los juicios a represores acusados de delitos de lesa humanidad, una situaci\u00f3n que \u201cconspira contra el efectivo cumplimiento de justicia\u201d.<\/p>\n<p>\u201cAdem\u00e1s \u2013indic\u00f3\u2013 lo que est\u00e1 sucediendo es que muchos represores est\u00e1n accediendo al recurso de cumplir la condena en sus domicilios. A veces no llegamos a enterarnos de todos los que se benefician con esa medida\u201d, admiti\u00f3.<\/p>\n","protected":false},"excerpt":{"rendered":"<p>\u201cNo fueron 30.000 desaparecidos\u201d y \u201clas fuerzas del Estado cometieron excesos\u201d fueron algunas de las frases pronunciadas por el Presidente y otros representantes del Gobierno nacional. Distintos especialistas advirtieron acerca de la \u201cderiva peligrosa\u201d que puede tomar este discurso ante posibles conflictos pol\u00edticos y sociales &nbsp; &nbsp; Javier Milei pronuncia su discurso en la apertura de sesiones ordinarias de la Asamblea Legislativa. Es la primera vez que habla en el recinto del Congreso. El d\u00eda de su asunci\u00f3n como Presidente, lo hab\u00eda hecho en la puerta del Palacio Legislativo y&#8230;<\/p>\n","protected":false},"author":3,"featured_media":117969,"comment_status":"closed","ping_status":"closed","sticky":false,"template":"","format":"standard","meta":[],"categories":[9],"tags":[],"_links":{"self":[{"href":"https:\/\/www.actualidadadiario.com\/index.php\/wp-json\/wp\/v2\/posts\/123666"}],"collection":[{"href":"https:\/\/www.actualidadadiario.com\/index.php\/wp-json\/wp\/v2\/posts"}],"about":[{"href":"https:\/\/www.actualidadadiario.com\/index.php\/wp-json\/wp\/v2\/types\/post"}],"author":[{"embeddable":true,"href":"https:\/\/www.actualidadadiario.com\/index.php\/wp-json\/wp\/v2\/users\/3"}],"replies":[{"embeddable":true,"href":"https:\/\/www.actualidadadiario.com\/index.php\/wp-json\/wp\/v2\/comments?post=123666"}],"version-history":[{"count":1,"href":"https:\/\/www.actualidadadiario.com\/index.php\/wp-json\/wp\/v2\/posts\/123666\/revisions"}],"predecessor-version":[{"id":123667,"href":"https:\/\/www.actualidadadiario.com\/index.php\/wp-json\/wp\/v2\/posts\/123666\/revisions\/123667"}],"wp:featuredmedia":[{"embeddable":true,"href":"https:\/\/www.actualidadadiario.com\/index.php\/wp-json\/wp\/v2\/media\/117969"}],"wp:attachment":[{"href":"https:\/\/www.actualidadadiario.com\/index.php\/wp-json\/wp\/v2\/media?parent=123666"}],"wp:term":[{"taxonomy":"category","embeddable":true,"href":"https:\/\/www.actualidadadiario.com\/index.php\/wp-json\/wp\/v2\/categories?post=123666"},{"taxonomy":"post_tag","embeddable":true,"href":"https:\/\/www.actualidadadiario.com\/index.php\/wp-json\/wp\/v2\/tags?post=123666"}],"curies":[{"name":"wp","href":"https:\/\/api.w.org\/{rel}","templated":true}]}}