{"id":123656,"date":"2024-12-10T11:01:04","date_gmt":"2024-12-10T14:01:04","guid":{"rendered":"https:\/\/www.actualidadadiario.com\/?p=123656"},"modified":"2024-12-10T11:01:04","modified_gmt":"2024-12-10T14:01:04","slug":"se-bajo-la-edad-para-poder-ser-legitimo-usuario-de-armas-paso-de-21-anos-a-18","status":"publish","type":"post","link":"https:\/\/www.actualidadadiario.com\/index.php\/2024\/12\/10\/se-bajo-la-edad-para-poder-ser-legitimo-usuario-de-armas-paso-de-21-anos-a-18\/","title":{"rendered":"Se baj\u00f3 la edad para poder ser leg\u00edtimo usuario de armas: pas\u00f3 de 21 a\u00f1os a 18"},"content":{"rendered":"<p style=\"text-align: center;\"><em><strong>El Gobierno Nacional lo anunci\u00f3 a trav\u00e9s del Bolet\u00edn Oficial<\/strong><\/em><\/p>\n<p>&nbsp;<\/p>\n<p>&nbsp;<\/p>\n<p>La edad para poder ser leg\u00edtimo usuario de armas en la Argentina baj\u00f3 de 21 a 18 a\u00f1os, seg\u00fan confirm\u00f3 el Gobierno Nacional en el Decreto 1081\/2024 del Bolet\u00edn Oficial.<\/p>\n<p>Conforme a lo destacado en el escrito, se dispuso la modificaci\u00f3n del art\u00edculo 55 de la Ley N\u00b0 20.429 el cual establec\u00eda\u00a0 que una persona puede ser due\u00f1o de un arma a sus 21 a\u00f1os.<\/p>\n<p>\u201cCorresponde modificar el citado art\u00edculo 55 de la Reglamentaci\u00f3n de la Ley N\u00b0 20.429 aprobada por el mencionado Decreto N\u00b0 395\/75 y sus modificatorios, a efectos de armonizar la legislaci\u00f3n vigente, reconociendo la capacidad de los ciudadanos para ser leg\u00edtimos usuarios de armas a partir de los dieciocho (18) a\u00f1os&#8221;, destaca el Bolet\u00edn Oficial.<\/p>\n<p>Dicho art\u00edculo establece adem\u00e1s que el usuario no debe presentar \u201canormalidades ps\u00edquicas o f\u00edsicas que incapaciten al peticionante para la tenencia de armas de fuego\u201d.<\/p>\n<p>Asimismo, se tiene que \u201cacreditar ante la dependencia policial con jurisdicci\u00f3n en el domicilio del interesado, identidad, domicilio real y medios de vida l\u00edcitos. Esta emitir\u00e1 certificaci\u00f3n al respecto as\u00ed como de la no existencia de antecedentes policiales o penales e imprimir\u00e1 un juego de fichas dactilosc\u00f3picas con destino al Registro Nacional de Armas\u201d.<\/p>\n<p>El Decreto est\u00e1 firmado por el presidente Javier Milei; el jefe de Gabinete, Guillermo Francos; y la ministra de Seguridad, Patricia Bullrich.<\/p>\n<p>En este marco, anunciaron que la medida entra en vigencia desde este martes 10 de diciembre, d\u00eda en el que Milei cumple un a\u00f1o de gesti\u00f3n.<\/p>\n<p>Ley Nacional de Armas y Explosivos (20.429), aprobada en mayo de 1973, establece disposiciones sobre el uso, venta, transporte y registro de armas, municiones, explosivos y productos pirot\u00e9cnicos.<\/p>\n<p>En mayo de este a\u00f1o el Gobierno present\u00f3 un proyecto de ley para regularizar la tenencia de armas de fuego y simplificar los tr\u00e1mites correspondientes.<\/p>\n","protected":false},"excerpt":{"rendered":"<p>El Gobierno Nacional lo anunci\u00f3 a trav\u00e9s del Bolet\u00edn Oficial &nbsp; &nbsp; La edad para poder ser leg\u00edtimo usuario de armas en la Argentina baj\u00f3 de 21 a 18 a\u00f1os, seg\u00fan confirm\u00f3 el Gobierno Nacional en el Decreto 1081\/2024 del Bolet\u00edn Oficial. Conforme a lo destacado en el escrito, se dispuso la modificaci\u00f3n del art\u00edculo 55 de la Ley N\u00b0 20.429 el cual establec\u00eda\u00a0 que una persona puede ser due\u00f1o de un arma a sus 21 a\u00f1os. \u201cCorresponde modificar el citado art\u00edculo 55 de la Reglamentaci\u00f3n de la Ley N\u00b0&#8230;<\/p>\n","protected":false},"author":3,"featured_media":123657,"comment_status":"closed","ping_status":"closed","sticky":false,"template":"","format":"standard","meta":[],"categories":[2],"tags":[],"_links":{"self":[{"href":"https:\/\/www.actualidadadiario.com\/index.php\/wp-json\/wp\/v2\/posts\/123656"}],"collection":[{"href":"https:\/\/www.actualidadadiario.com\/index.php\/wp-json\/wp\/v2\/posts"}],"about":[{"href":"https:\/\/www.actualidadadiario.com\/index.php\/wp-json\/wp\/v2\/types\/post"}],"author":[{"embeddable":true,"href":"https:\/\/www.actualidadadiario.com\/index.php\/wp-json\/wp\/v2\/users\/3"}],"replies":[{"embeddable":true,"href":"https:\/\/www.actualidadadiario.com\/index.php\/wp-json\/wp\/v2\/comments?post=123656"}],"version-history":[{"count":1,"href":"https:\/\/www.actualidadadiario.com\/index.php\/wp-json\/wp\/v2\/posts\/123656\/revisions"}],"predecessor-version":[{"id":123658,"href":"https:\/\/www.actualidadadiario.com\/index.php\/wp-json\/wp\/v2\/posts\/123656\/revisions\/123658"}],"wp:featuredmedia":[{"embeddable":true,"href":"https:\/\/www.actualidadadiario.com\/index.php\/wp-json\/wp\/v2\/media\/123657"}],"wp:attachment":[{"href":"https:\/\/www.actualidadadiario.com\/index.php\/wp-json\/wp\/v2\/media?parent=123656"}],"wp:term":[{"taxonomy":"category","embeddable":true,"href":"https:\/\/www.actualidadadiario.com\/index.php\/wp-json\/wp\/v2\/categories?post=123656"},{"taxonomy":"post_tag","embeddable":true,"href":"https:\/\/www.actualidadadiario.com\/index.php\/wp-json\/wp\/v2\/tags?post=123656"}],"curies":[{"name":"wp","href":"https:\/\/api.w.org\/{rel}","templated":true}]}}