{"id":123643,"date":"2024-12-10T09:54:54","date_gmt":"2024-12-10T12:54:54","guid":{"rendered":"https:\/\/www.actualidadadiario.com\/?p=123643"},"modified":"2024-12-10T09:54:54","modified_gmt":"2024-12-10T12:54:54","slug":"comienzan-a-subir-las-temperaturas-y-ya-se-anuncian-30c","status":"publish","type":"post","link":"https:\/\/www.actualidadadiario.com\/index.php\/2024\/12\/10\/comienzan-a-subir-las-temperaturas-y-ya-se-anuncian-30c\/","title":{"rendered":"Comienzan a subir las temperaturas y ya se anuncian 30\u00b0C"},"content":{"rendered":"<p style=\"text-align: center;\"><em><strong>El Servicio Meteorol\u00f3gico Nacional -SMN- informa que el calor comenzar\u00e1 a hacerse notar a partir de este martes 10 de diciembre en Entre R\u00edos. Las temperaturas suben y se esperan hasta 30 grados<\/strong><\/em><\/p>\n<p>&nbsp;<\/p>\n<p>&nbsp;<\/p>\n<p>El pron\u00f3stico indica buenas condiciones del tiempo en la provincia, mayormente despejado y con poca nubosidad. La ma\u00f1ana estar\u00e1 fresca y la tarde, m\u00e1s calurosa. No hay anuncio de precipitaciones por varios d\u00edas.<\/p>\n<p>&nbsp;<\/p>\n<p><strong>El tiempo para hoy<\/strong><\/p>\n<p>En Paran\u00e1, La Paz, Villaguay, Diamante y Nogoy\u00e1 la m\u00ednima ser\u00e1 de 15 grados y la m\u00e1xima alcanzar\u00e1 los 30 grados. En la capital y alrededores se espera una jornada con cielo algo nublado.<\/p>\n<p>En Concordia, Federal, Feliciano, Federaci\u00f3n y San Salvador, en tanto, se aguarda una m\u00ednima de 13 grados y una m\u00e1xima de 29 grados. All\u00ed tambi\u00e9n se prev\u00e9 un d\u00eda soleado con algunas nubes.<\/p>\n<p>En Gualeguaych\u00fa, Col\u00f3n, Uruguay, Tala e Islas, se espera una m\u00ednima de 12 grados y una m\u00e1xima de 29 grados. Al igual que en las otras localidades, se espera un d\u00eda entre soleado y ligeramente nublado.<\/p>\n<p>Finalmente, en Victoria y Gualeguay anuncian 15 grados de m\u00ednima y 30 grados de m\u00e1xima, cielo despejado de ma\u00f1ana y algunas nubes hacia la tarde noche.<\/p>\n","protected":false},"excerpt":{"rendered":"<p>El Servicio Meteorol\u00f3gico Nacional -SMN- informa que el calor comenzar\u00e1 a hacerse notar a partir de este martes 10 de diciembre en Entre R\u00edos. Las temperaturas suben y se esperan hasta 30 grados &nbsp; &nbsp; El pron\u00f3stico indica buenas condiciones del tiempo en la provincia, mayormente despejado y con poca nubosidad. La ma\u00f1ana estar\u00e1 fresca y la tarde, m\u00e1s calurosa. No hay anuncio de precipitaciones por varios d\u00edas. &nbsp; El tiempo para hoy En Paran\u00e1, La Paz, Villaguay, Diamante y Nogoy\u00e1 la m\u00ednima ser\u00e1 de 15 grados y la m\u00e1xima&#8230;<\/p>\n","protected":false},"author":3,"featured_media":95002,"comment_status":"closed","ping_status":"closed","sticky":false,"template":"","format":"standard","meta":[],"categories":[15],"tags":[],"_links":{"self":[{"href":"https:\/\/www.actualidadadiario.com\/index.php\/wp-json\/wp\/v2\/posts\/123643"}],"collection":[{"href":"https:\/\/www.actualidadadiario.com\/index.php\/wp-json\/wp\/v2\/posts"}],"about":[{"href":"https:\/\/www.actualidadadiario.com\/index.php\/wp-json\/wp\/v2\/types\/post"}],"author":[{"embeddable":true,"href":"https:\/\/www.actualidadadiario.com\/index.php\/wp-json\/wp\/v2\/users\/3"}],"replies":[{"embeddable":true,"href":"https:\/\/www.actualidadadiario.com\/index.php\/wp-json\/wp\/v2\/comments?post=123643"}],"version-history":[{"count":1,"href":"https:\/\/www.actualidadadiario.com\/index.php\/wp-json\/wp\/v2\/posts\/123643\/revisions"}],"predecessor-version":[{"id":123644,"href":"https:\/\/www.actualidadadiario.com\/index.php\/wp-json\/wp\/v2\/posts\/123643\/revisions\/123644"}],"wp:featuredmedia":[{"embeddable":true,"href":"https:\/\/www.actualidadadiario.com\/index.php\/wp-json\/wp\/v2\/media\/95002"}],"wp:attachment":[{"href":"https:\/\/www.actualidadadiario.com\/index.php\/wp-json\/wp\/v2\/media?parent=123643"}],"wp:term":[{"taxonomy":"category","embeddable":true,"href":"https:\/\/www.actualidadadiario.com\/index.php\/wp-json\/wp\/v2\/categories?post=123643"},{"taxonomy":"post_tag","embeddable":true,"href":"https:\/\/www.actualidadadiario.com\/index.php\/wp-json\/wp\/v2\/tags?post=123643"}],"curies":[{"name":"wp","href":"https:\/\/api.w.org\/{rel}","templated":true}]}}