{"id":123638,"date":"2024-12-10T09:52:39","date_gmt":"2024-12-10T12:52:39","guid":{"rendered":"https:\/\/www.actualidadadiario.com\/?p=123638"},"modified":"2024-12-10T09:52:39","modified_gmt":"2024-12-10T12:52:39","slug":"el-senado-volvera-a-tratar-el-proyecto-de-ley-de-boleto-docente-gratuito-en-entre-rios","status":"publish","type":"post","link":"https:\/\/www.actualidadadiario.com\/index.php\/2024\/12\/10\/el-senado-volvera-a-tratar-el-proyecto-de-ley-de-boleto-docente-gratuito-en-entre-rios\/","title":{"rendered":"El Senado volver\u00e1 a tratar el proyecto de ley de boleto docente gratuito en Entre R\u00edos"},"content":{"rendered":"<p style=\"text-align: center;\"><em><strong>Se trata del proyecto que crea un r\u00e9gimen especial de \u201cboleto docente\u201d para los usuarios del sistema de transporte provincial de colectivos de pasajeros en sus servicios urbanos, suburbanos e interurbanos y de larga distancia, destinados a docentes pertenecientes a instituciones educativas p\u00fablicas de gesti\u00f3n estatal y de gesti\u00f3n privada con aportes del Estado en todos los niveles, incluye los de formaci\u00f3n profesional, bachilleratos y de escuelas especiales que tengan asiento en la provincia<\/strong><\/em><\/p>\n<p>&nbsp;<\/p>\n<p>&nbsp;<\/p>\n<p>El secretario de Transporte de la provincia, Juan Diego Elsesser, concurrir\u00e1 el mi\u00e9rcoles 11 a la Comisi\u00f3n de Educaci\u00f3n, Ciencia y Tecnolog\u00eda de la C\u00e1mara de Senadores para aportar su mirada al proyecto de ley de la diputada peronista, Patricia D\u00edaz, que propone la creaci\u00f3n en Entre R\u00edos de un r\u00e9gimen especial de \u201cboleto docente\u201d gratuito para los usuarios del sistema de transporte provincial de colectivos de pasajeros en sus servicios urbanos, suburbanos e interurbanos y de larga distancia.<\/p>\n<p>El proyecto contempla la situaci\u00f3n de los \u201cdocentes pertenecientes a instituciones educativas p\u00fablicas de gesti\u00f3n estatal y de gesti\u00f3n privada con aportes del Estado en todos los niveles, incluidos los de formaci\u00f3n profesional, bachilleratos y de escuelas especiales que tengan asiento en la Provincia de Entre R\u00edos. . \u201d.<\/p>\n<p>&nbsp;<\/p>\n<p><strong>Gratuito<\/strong><\/p>\n<p>Seg\u00fan el proyecto, \u201cel Boleto Docente, ser\u00e1 de car\u00e1cter gratuito y alcanzar\u00e1 a los docentes pertenecientes al nivel inicial, primario, medio, terciario, superior universitario, formaci\u00f3n profesional y bachilleratos, que acreditar\u00e1n su condici\u00f3n de acuerdo a lo que establezca la reglamentaci\u00f3n\u201d.<\/p>\n<p>En el proyecto se determina que el boleto creado por la presente Ley, \u201cpodr\u00e1 ser utilizado durante los d\u00edas h\u00e1biles del a\u00f1o escolar y deber\u00e1 cubrir la totalidad de las actividades educativas. La reglamentaci\u00f3n determinar\u00e1 la cantidad de viajes autorizados por usuario\u201d. Alcanzar\u00e1 tambi\u00e9n al traslado de residentes o practicantes. La empresa deber\u00e1 cubrir el seguro del usuario de este boleto, de igual forma que con el resto de los pasajeros.<\/p>\n<p>El proyecto propone que el Poder Ejecutivo determine la Autoridad de Aplicaci\u00f3n y le carga la responsabilidad de tomar \u201clos recaudos necesarios para evitar que el beneficio establecido por la presente vaya en desmedro del servicio que se brinda al resto de los beneficiarios del transporte p\u00fablico\u201d. Tambi\u00e9n invita a los municipios de Entre R\u00edos a adherirse a la presente y elaborar normativas similares para los medios de transporte municipales.<\/p>\n<p>&nbsp;<\/p>\n<p><strong>Derecho<\/strong><\/p>\n<p>D\u00edaz sostuvo que \u201ceste proyecto, se basa principalmente en el principio constitucional de garantizar el derecho a ense\u00f1ar, como parte fundamental de la educaci\u00f3n como derecho humano, entendiendo a la educaci\u00f3n como la mejor forma de dar libertad a los seres humanos\u201d.<\/p>\n<p>Destaca que \u201clos docentes son parte fundamental de este sistema y no podemos dejar de ver que es un sector que ha sido golpeado en esta crisis y se nota en las rutas entrerrianas, que antes no ten\u00eda la cantidad de docentes que tienen que ir a trabajar haciendo dedo, para ahorrar en pasajes, y llegar a destino\u201d.<\/p>\n<p>Se\u00f1ala tambi\u00e9n que \u201cla decisi\u00f3n del Gobernador de revisar suplencias y adscripciones ha incrementado adem\u00e1s la necesidad de dar a los docentes esta herramienta que permite llegar al lugar de trabajo, sin correr peligros, con un proyecto que exige una erogaci\u00f3n m\u00ednima del estado pero garantiza o facilitar la llegada de los docentes a las aulas en tiempos donde la sociedad toda est\u00e1 haciendo muchos esfuerzos y los docentes no son la excepci\u00f3n\u201d.<\/p>\n<p>La senadora destac\u00f3 que \u201cel transporte asume una parte importante de su salario en el transporte. Como es sabido, los docentes cumplen con sus tareas en lugares, muchas veces alejados de sus hogares, vi\u00e9ndolos casi todos los d\u00edas y en muchas oportunidades, \u201cviajar a dedo\u201d para cuidar su salario, con el alto riesgo que ello constituye, m\u00e1ximo en los momentos de tanta inseguridad en que hoy se vive\u201d. As\u00ed, sostuvo que \u201cfrente a esta situaci\u00f3n, considerando al docente como un actor esencial en la educaci\u00f3n, me parece justo, reducir el gasto de los que diariamente usan el transporte\u201d.<\/p>\n","protected":false},"excerpt":{"rendered":"<p>Se trata del proyecto que crea un r\u00e9gimen especial de \u201cboleto docente\u201d para los usuarios del sistema de transporte provincial de colectivos de pasajeros en sus servicios urbanos, suburbanos e interurbanos y de larga distancia, destinados a docentes pertenecientes a instituciones educativas p\u00fablicas de gesti\u00f3n estatal y de gesti\u00f3n privada con aportes del Estado en todos los niveles, incluye los de formaci\u00f3n profesional, bachilleratos y de escuelas especiales que tengan asiento en la provincia &nbsp; &nbsp; El secretario de Transporte de la provincia, Juan Diego Elsesser, concurrir\u00e1 el mi\u00e9rcoles 11&#8230;<\/p>\n","protected":false},"author":3,"featured_media":122561,"comment_status":"closed","ping_status":"closed","sticky":false,"template":"","format":"standard","meta":[],"categories":[15],"tags":[],"_links":{"self":[{"href":"https:\/\/www.actualidadadiario.com\/index.php\/wp-json\/wp\/v2\/posts\/123638"}],"collection":[{"href":"https:\/\/www.actualidadadiario.com\/index.php\/wp-json\/wp\/v2\/posts"}],"about":[{"href":"https:\/\/www.actualidadadiario.com\/index.php\/wp-json\/wp\/v2\/types\/post"}],"author":[{"embeddable":true,"href":"https:\/\/www.actualidadadiario.com\/index.php\/wp-json\/wp\/v2\/users\/3"}],"replies":[{"embeddable":true,"href":"https:\/\/www.actualidadadiario.com\/index.php\/wp-json\/wp\/v2\/comments?post=123638"}],"version-history":[{"count":1,"href":"https:\/\/www.actualidadadiario.com\/index.php\/wp-json\/wp\/v2\/posts\/123638\/revisions"}],"predecessor-version":[{"id":123639,"href":"https:\/\/www.actualidadadiario.com\/index.php\/wp-json\/wp\/v2\/posts\/123638\/revisions\/123639"}],"wp:featuredmedia":[{"embeddable":true,"href":"https:\/\/www.actualidadadiario.com\/index.php\/wp-json\/wp\/v2\/media\/122561"}],"wp:attachment":[{"href":"https:\/\/www.actualidadadiario.com\/index.php\/wp-json\/wp\/v2\/media?parent=123638"}],"wp:term":[{"taxonomy":"category","embeddable":true,"href":"https:\/\/www.actualidadadiario.com\/index.php\/wp-json\/wp\/v2\/categories?post=123638"},{"taxonomy":"post_tag","embeddable":true,"href":"https:\/\/www.actualidadadiario.com\/index.php\/wp-json\/wp\/v2\/tags?post=123638"}],"curies":[{"name":"wp","href":"https:\/\/api.w.org\/{rel}","templated":true}]}}