{"id":123636,"date":"2024-12-10T09:52:03","date_gmt":"2024-12-10T12:52:03","guid":{"rendered":"https:\/\/www.actualidadadiario.com\/?p=123636"},"modified":"2024-12-10T09:52:03","modified_gmt":"2024-12-10T12:52:03","slug":"diputados-tendra-una-sesion-especial-este-martes","status":"publish","type":"post","link":"https:\/\/www.actualidadadiario.com\/index.php\/2024\/12\/10\/diputados-tendra-una-sesion-especial-este-martes\/","title":{"rendered":"Diputados tendr\u00e1 una sesi\u00f3n especial este martes"},"content":{"rendered":"<p style=\"text-align: center;\"><em><strong>La C\u00e1mara de Diputados de la provincia convoc\u00f3 a sesi\u00f3n especial para este martes 10 de diciembre a las 14. En los asuntos entrados se encuentran diversos temas, entre ellos el R\u00e9gimen Legal de Transici\u00f3n de Gobierno y la pr\u00f3rroga de la Emergencia de la estructura vial y de Obras y Servicios P\u00fablicos. Desde la C\u00e1mara informaron que el orden del d\u00eda depender\u00e1 del resultado de las reuniones de comisi\u00f3n que se desarrollar\u00e1n durante la ma\u00f1ana<\/strong><\/em><\/p>\n<p>&nbsp;<\/p>\n<p>&nbsp;<\/p>\n<p>Entre los asuntos entrados se encuentra el dictamen de las Comisiones de Asuntos Constitucionales, Juicio Pol\u00edtico y Peticiones, Poderes y Reglamento y de Legislaci\u00f3n General en el Proyecto de Ley, devuelto en segunda revisi\u00f3n, por el que se establece el R\u00e9gimen Legal de Transici\u00f3n de Gobierno.<\/p>\n<p>Tambi\u00e9n el proyecto de Ley remitido por el Poder Ejecutivo, por el que se prorrogan hasta el 31 de diciembre de 2025 las leyes Provinciales N\u00ba 11138, de Emergencia P\u00fablica Econ\u00f3mica y Financiera en materia de Obras y Servicios P\u00fablicos, y 11144, de la Emergencia de la estructura vial.<\/p>\n<p>Otras iniciativas son la creaci\u00f3n de la Agencia Administradora de Bienes Inmuebles de la Provincia de Entre R\u00edos (Aabiper) y el dictamen de las Comisiones de Legislaci\u00f3n General y de Comunicaciones y Transporte en el Proyecto de Ley, remitido por el Poder Ejecutivo.<\/p>\n<p>Desde la C\u00e1mara informaron que el orden del d\u00eda que se tratar\u00e1 en la sesi\u00f3n depender\u00e1 del resultado de las reuniones de comisi\u00f3n que se desarrollar\u00e1n durante la ma\u00f1ana.<\/p>\n<p>Cabe recordar que est\u00e1n previstos encuentros de las comisiones de Legislaci\u00f3n general; Hacienda, presupuesto y cuentas; Obras p\u00fablicas y planeamiento; Empleo y previsi\u00f3n social; y Desarrollo social.<\/p>\n","protected":false},"excerpt":{"rendered":"<p>La C\u00e1mara de Diputados de la provincia convoc\u00f3 a sesi\u00f3n especial para este martes 10 de diciembre a las 14. En los asuntos entrados se encuentran diversos temas, entre ellos el R\u00e9gimen Legal de Transici\u00f3n de Gobierno y la pr\u00f3rroga de la Emergencia de la estructura vial y de Obras y Servicios P\u00fablicos. Desde la C\u00e1mara informaron que el orden del d\u00eda depender\u00e1 del resultado de las reuniones de comisi\u00f3n que se desarrollar\u00e1n durante la ma\u00f1ana &nbsp; &nbsp; Entre los asuntos entrados se encuentra el dictamen de las Comisiones de&#8230;<\/p>\n","protected":false},"author":3,"featured_media":113525,"comment_status":"closed","ping_status":"closed","sticky":false,"template":"","format":"standard","meta":[],"categories":[15],"tags":[],"_links":{"self":[{"href":"https:\/\/www.actualidadadiario.com\/index.php\/wp-json\/wp\/v2\/posts\/123636"}],"collection":[{"href":"https:\/\/www.actualidadadiario.com\/index.php\/wp-json\/wp\/v2\/posts"}],"about":[{"href":"https:\/\/www.actualidadadiario.com\/index.php\/wp-json\/wp\/v2\/types\/post"}],"author":[{"embeddable":true,"href":"https:\/\/www.actualidadadiario.com\/index.php\/wp-json\/wp\/v2\/users\/3"}],"replies":[{"embeddable":true,"href":"https:\/\/www.actualidadadiario.com\/index.php\/wp-json\/wp\/v2\/comments?post=123636"}],"version-history":[{"count":1,"href":"https:\/\/www.actualidadadiario.com\/index.php\/wp-json\/wp\/v2\/posts\/123636\/revisions"}],"predecessor-version":[{"id":123637,"href":"https:\/\/www.actualidadadiario.com\/index.php\/wp-json\/wp\/v2\/posts\/123636\/revisions\/123637"}],"wp:featuredmedia":[{"embeddable":true,"href":"https:\/\/www.actualidadadiario.com\/index.php\/wp-json\/wp\/v2\/media\/113525"}],"wp:attachment":[{"href":"https:\/\/www.actualidadadiario.com\/index.php\/wp-json\/wp\/v2\/media?parent=123636"}],"wp:term":[{"taxonomy":"category","embeddable":true,"href":"https:\/\/www.actualidadadiario.com\/index.php\/wp-json\/wp\/v2\/categories?post=123636"},{"taxonomy":"post_tag","embeddable":true,"href":"https:\/\/www.actualidadadiario.com\/index.php\/wp-json\/wp\/v2\/tags?post=123636"}],"curies":[{"name":"wp","href":"https:\/\/api.w.org\/{rel}","templated":true}]}}