{"id":123634,"date":"2024-12-10T09:50:55","date_gmt":"2024-12-10T12:50:55","guid":{"rendered":"https:\/\/www.actualidadadiario.com\/?p=123634"},"modified":"2024-12-10T09:50:55","modified_gmt":"2024-12-10T12:50:55","slug":"confirmaron-fecha-de-pago-del-aguinaldo-a-estatales-provinciales","status":"publish","type":"post","link":"https:\/\/www.actualidadadiario.com\/index.php\/2024\/12\/10\/confirmaron-fecha-de-pago-del-aguinaldo-a-estatales-provinciales\/","title":{"rendered":"Confirmaron fecha de pago del aguinaldo a estatales provinciales"},"content":{"rendered":"<p style=\"text-align: center;\"><em><strong>El Gobierno de la provincia confirm\u00f3 la fecha de pago del medio aguinaldo para activos y pasivos de la administraci\u00f3n p\u00fablica. Anticiparon que ser\u00e1 en un solo tramo. Los detalles<\/strong><\/em><\/p>\n<p>&nbsp;<\/p>\n<p>&nbsp;<\/p>\n<p>El Gobierno de Entre R\u00edos confirm\u00f3 este lunes la fecha del pago del medio aguinaldo para los trabajadores activos y pasivos de la administraci\u00f3n p\u00fablica provincial. Seg\u00fan inform\u00f3 Uriel Brupbacher, secretario de Presupuesto y Finanzas, el pago se realizar\u00e1 en un solo tramo para ambos grupos.<\/p>\n<p>Brupbacher destac\u00f3 que, \u201ca pesar de ser un esfuerzo significativo para las arcas provinciales, se ten\u00eda previsto debido a las festividades y los asuetos\u201d. El pago del medio aguinaldo ser\u00e1 acreditado &#8220;el 21 de diciembre tanto para empleados activos como pasivos&#8221;, confirm\u00f3.<\/p>\n<p>El funcionario explic\u00f3 que la fecha fue elegida teniendo en cuenta la proximidad de las fiestas, para que los trabajadores puedan disponer del dinero antes de las celebraciones de fin de a\u00f1o.<\/p>\n","protected":false},"excerpt":{"rendered":"<p>El Gobierno de la provincia confirm\u00f3 la fecha de pago del medio aguinaldo para activos y pasivos de la administraci\u00f3n p\u00fablica. Anticiparon que ser\u00e1 en un solo tramo. Los detalles &nbsp; &nbsp; El Gobierno de Entre R\u00edos confirm\u00f3 este lunes la fecha del pago del medio aguinaldo para los trabajadores activos y pasivos de la administraci\u00f3n p\u00fablica provincial. Seg\u00fan inform\u00f3 Uriel Brupbacher, secretario de Presupuesto y Finanzas, el pago se realizar\u00e1 en un solo tramo para ambos grupos. Brupbacher destac\u00f3 que, \u201ca pesar de ser un esfuerzo significativo para las&#8230;<\/p>\n","protected":false},"author":3,"featured_media":123066,"comment_status":"closed","ping_status":"closed","sticky":false,"template":"","format":"standard","meta":[],"categories":[15],"tags":[],"_links":{"self":[{"href":"https:\/\/www.actualidadadiario.com\/index.php\/wp-json\/wp\/v2\/posts\/123634"}],"collection":[{"href":"https:\/\/www.actualidadadiario.com\/index.php\/wp-json\/wp\/v2\/posts"}],"about":[{"href":"https:\/\/www.actualidadadiario.com\/index.php\/wp-json\/wp\/v2\/types\/post"}],"author":[{"embeddable":true,"href":"https:\/\/www.actualidadadiario.com\/index.php\/wp-json\/wp\/v2\/users\/3"}],"replies":[{"embeddable":true,"href":"https:\/\/www.actualidadadiario.com\/index.php\/wp-json\/wp\/v2\/comments?post=123634"}],"version-history":[{"count":1,"href":"https:\/\/www.actualidadadiario.com\/index.php\/wp-json\/wp\/v2\/posts\/123634\/revisions"}],"predecessor-version":[{"id":123635,"href":"https:\/\/www.actualidadadiario.com\/index.php\/wp-json\/wp\/v2\/posts\/123634\/revisions\/123635"}],"wp:featuredmedia":[{"embeddable":true,"href":"https:\/\/www.actualidadadiario.com\/index.php\/wp-json\/wp\/v2\/media\/123066"}],"wp:attachment":[{"href":"https:\/\/www.actualidadadiario.com\/index.php\/wp-json\/wp\/v2\/media?parent=123634"}],"wp:term":[{"taxonomy":"category","embeddable":true,"href":"https:\/\/www.actualidadadiario.com\/index.php\/wp-json\/wp\/v2\/categories?post=123634"},{"taxonomy":"post_tag","embeddable":true,"href":"https:\/\/www.actualidadadiario.com\/index.php\/wp-json\/wp\/v2\/tags?post=123634"}],"curies":[{"name":"wp","href":"https:\/\/api.w.org\/{rel}","templated":true}]}}