{"id":123631,"date":"2024-12-10T09:50:11","date_gmt":"2024-12-10T12:50:11","guid":{"rendered":"https:\/\/www.actualidadadiario.com\/?p=123631"},"modified":"2024-12-10T09:50:11","modified_gmt":"2024-12-10T12:50:11","slug":"el-consejo-provincial-del-pj-resolvio-expulsar-al-senador-kueider","status":"publish","type":"post","link":"https:\/\/www.actualidadadiario.com\/index.php\/2024\/12\/10\/el-consejo-provincial-del-pj-resolvio-expulsar-al-senador-kueider\/","title":{"rendered":"El Consejo Provincial del PJ resolvi\u00f3 expulsar al senador Kueider"},"content":{"rendered":"<p style=\"text-align: center;\"><em><strong>La determinaci\u00f3n se basa en \u201cel incumplimiento de las obligaciones partidarias, inconductas, indisciplinas y violaci\u00f3n de principios y resoluciones de los organismos partidarios\u201d, expresaron desde el PJ. Ser\u00e1 notificado en los pr\u00f3ximos diez d\u00edas y luego se girar\u00e1n las actuaciones al Congreso Provincial del partido para la finalizaci\u00f3n del tr\u00e1mite<\/strong><\/em><\/p>\n<p>&nbsp;<\/p>\n<p>&nbsp;<\/p>\n<p>En la tarde noche de este lunes se realiz\u00f3 el encuentro del Consejo Provincial del Partido Justicialista Distrito Entre R\u00edos con el objetivo excluyente de tratar la situaci\u00f3n partidaria del senador nacional Edgardo Kueider, hoy en Paraguay con una situaci\u00f3n judicial en curso.<\/p>\n<p>Recordaron que \u201cdesde este Consejo advertimos en su momento que la posici\u00f3n del senador frente al gobierno de Milei y, particularmente, su apoyo a una ley tan nociva a los intereses de la Naci\u00f3n, contradec\u00eda la doctrina, los valores y las m\u00e1ximas del peronismo. Ante esa situaci\u00f3n, comenzaron a ingresar pedidos de expulsi\u00f3n de distintos Consejos Departamentales, Unidades B\u00e1sicas y afiliados particulares, que fueron considerados en el hist\u00f3rico Congreso partidario realizado el 7 de septiembre de este a\u00f1o. Dicho congreso emiti\u00f3 el mandato de constituir una comisi\u00f3n encargada de definir la integraci\u00f3n del Tribunal de Disciplina para analizar la sanci\u00f3n, seg\u00fan los establece nuestra Carta Org\u00e1nica\u201d, se\u00f1alaron.<\/p>\n<p>\u201cSin embargo, los hechos recientes, por todos conocidos, modificaron el escenario y, no habi\u00e9ndose constituido a\u00fan el Tribunal de Disciplina, este Consejo interpret\u00f3 necesario, ante una situaci\u00f3n excepcional como la presente y el reclamo masivo de las bases y \u00f3rganos partidarios departamentales y locales, asumir transitoriamente las funciones propias del Tribunal de Disciplina y avocarse a las denuncias y causas disciplinarias, dirigidas al senador nacional. De esa manera se lleg\u00f3 a la resoluci\u00f3n de expulsar a Edgardo Dar\u00edo Kueider del Partido Justicialista de Entre R\u00edos por el incumplimiento de las obligaciones partidarias, por inconductas, indisciplinas y violaci\u00f3n de principios y resoluciones de los organismos partidarios\u201d, plantearon.<\/p>\n<p>El motivo central de la expulsi\u00f3n de Kueider radica en su voto a la \u201cLey de Bases\u201d al igual que \u201cel acompa\u00f1amiento que le dio al tr\u00e1mite legislativo, sea con el qu\u00f3rum, el despacho de comisi\u00f3n y el voto que permiti\u00f3 el desempate de la vicepresidenta Villaruel\u201d, expresaron.<\/p>\n<p>A Kueider se le imput\u00f3 la violaci\u00f3n de las obligaciones previstas para los afiliados en la Carta Org\u00e1nica, \u201cpuntualmente el no cumplimiento de mandatos partidarios que indicaron el no acompa\u00f1amiento a la \u2018Ley de Bases\u2019 al igual que la falta de disciplina partidaria al incumplir esta orden, del mismo modo que contradecir en forma grosera la plataforma electoral de Uni\u00f3n por la Patria acompa\u00f1ando la sanci\u00f3n de la denominada \u2018Ley de Bases y Puntos de Partida para la Libertad de los Argentinos\u2019 (Ley 27.742), dado que entendi\u00f3 el Consejo Provincial que la legislaci\u00f3n impulsada por Milei expresa una contradicci\u00f3n absoluta con la doctrina y la ideolog\u00eda peronista plasmada en la plataforma electoral presentada ante la justicia electoral\u201d, se\u00f1alaron.<\/p>\n<p>Para finalizar, manifestaron que \u201cse va a respetar el derecho a la defensa que indica nuestra Carta Org\u00e1nica\u201d e informaron que, con ese objetivo, \u201cKueider ser\u00e1 notificado en el plazo de diez d\u00edas a partir de la fecha\u201d.<\/p>\n","protected":false},"excerpt":{"rendered":"<p>La determinaci\u00f3n se basa en \u201cel incumplimiento de las obligaciones partidarias, inconductas, indisciplinas y violaci\u00f3n de principios y resoluciones de los organismos partidarios\u201d, expresaron desde el PJ. Ser\u00e1 notificado en los pr\u00f3ximos diez d\u00edas y luego se girar\u00e1n las actuaciones al Congreso Provincial del partido para la finalizaci\u00f3n del tr\u00e1mite &nbsp; &nbsp; En la tarde noche de este lunes se realiz\u00f3 el encuentro del Consejo Provincial del Partido Justicialista Distrito Entre R\u00edos con el objetivo excluyente de tratar la situaci\u00f3n partidaria del senador nacional Edgardo Kueider, hoy en Paraguay con&#8230;<\/p>\n","protected":false},"author":3,"featured_media":123632,"comment_status":"closed","ping_status":"closed","sticky":false,"template":"","format":"standard","meta":[],"categories":[15],"tags":[],"_links":{"self":[{"href":"https:\/\/www.actualidadadiario.com\/index.php\/wp-json\/wp\/v2\/posts\/123631"}],"collection":[{"href":"https:\/\/www.actualidadadiario.com\/index.php\/wp-json\/wp\/v2\/posts"}],"about":[{"href":"https:\/\/www.actualidadadiario.com\/index.php\/wp-json\/wp\/v2\/types\/post"}],"author":[{"embeddable":true,"href":"https:\/\/www.actualidadadiario.com\/index.php\/wp-json\/wp\/v2\/users\/3"}],"replies":[{"embeddable":true,"href":"https:\/\/www.actualidadadiario.com\/index.php\/wp-json\/wp\/v2\/comments?post=123631"}],"version-history":[{"count":1,"href":"https:\/\/www.actualidadadiario.com\/index.php\/wp-json\/wp\/v2\/posts\/123631\/revisions"}],"predecessor-version":[{"id":123633,"href":"https:\/\/www.actualidadadiario.com\/index.php\/wp-json\/wp\/v2\/posts\/123631\/revisions\/123633"}],"wp:featuredmedia":[{"embeddable":true,"href":"https:\/\/www.actualidadadiario.com\/index.php\/wp-json\/wp\/v2\/media\/123632"}],"wp:attachment":[{"href":"https:\/\/www.actualidadadiario.com\/index.php\/wp-json\/wp\/v2\/media?parent=123631"}],"wp:term":[{"taxonomy":"category","embeddable":true,"href":"https:\/\/www.actualidadadiario.com\/index.php\/wp-json\/wp\/v2\/categories?post=123631"},{"taxonomy":"post_tag","embeddable":true,"href":"https:\/\/www.actualidadadiario.com\/index.php\/wp-json\/wp\/v2\/tags?post=123631"}],"curies":[{"name":"wp","href":"https:\/\/api.w.org\/{rel}","templated":true}]}}