{"id":123625,"date":"2024-12-09T16:47:05","date_gmt":"2024-12-09T19:47:05","guid":{"rendered":"https:\/\/www.actualidadadiario.com\/?p=123625"},"modified":"2024-12-09T16:47:05","modified_gmt":"2024-12-09T19:47:05","slug":"el-brote-mortal-de-una-misteriosa-enfermedad-que-afecta-a-los-ninos-en-el-congo-sigue-sin-explicacion","status":"publish","type":"post","link":"https:\/\/www.actualidadadiario.com\/index.php\/2024\/12\/09\/el-brote-mortal-de-una-misteriosa-enfermedad-que-afecta-a-los-ninos-en-el-congo-sigue-sin-explicacion\/","title":{"rendered":"El brote mortal de una misteriosa enfermedad que afecta a los ni\u00f1os en el Congo sigue sin explicaci\u00f3n"},"content":{"rendered":"<p style=\"text-align: center;\"><em><strong>La OMS report\u00f3 que hay al menos 31 muertes y que los principales afectados son los ni\u00f1os con problemas de nutrici\u00f3n<\/strong><\/em><\/p>\n<p>&nbsp;<\/p>\n<p>&nbsp;<\/p>\n<p>Las investigaciones realizadas hasta el momento no lograron determinar cu\u00e1l es el origen de una extra\u00f1a enfermedad que afecta a la poblaci\u00f3n de Panzi, en la provincia de Kwango, al suroccidente de la Rep\u00fablica Democr\u00e1tica del Congo. En su informe de este domingo, la Organizaci\u00f3n Mundial de la Salud (OMS) report\u00f3 406 casos y 31 muertes en la zona estudiada.<\/p>\n<p>Aunque a\u00fan no hay certeza sobre el origen de la enfermedad, la OMS determin\u00f3 que los casos m\u00e1s graves estuvieron relacionados con pacientes que tambi\u00e9n sufr\u00edan un importante cuadro de desnutrici\u00f3n. La mayor\u00eda de los contagios se dio entre ni\u00f1os, en particular los menores de 5 a\u00f1os.<\/p>\n<p>Seg\u00fan las estad\u00edsticas recogidas entre el 24 de octubre y el 5 de diciembre de este a\u00f1o, los menores hasta los 14 a\u00f1os representan el 64,3 % de las infecciones totales. En ese grupo, los ni\u00f1os de hasta 5 a\u00f1os sufrieron el 53 % de los contagios; el grupo de 5 a 9 a\u00f1os sufri\u00f3 el 7,4 %; y los de 10 a 14, el 3,9 %.<\/p>\n<p>Respecto de las muertes, el 71 % de las v\u00edctimas ten\u00eda menos de 15 a\u00f1os, con 54,8 % de esos decesos registrados entre quienes estaban en los primeros 5 a\u00f1os de vida.<\/p>\n<p>De acuerdo con la OMS, los contagios se produjeron en un &#8220;\u00e1rea rural y remota&#8221;, lo que dificulta el acceso a la zona, m\u00e1s a\u00fan en la actual temporada de lluvias. &#8220;Estos problemas, junto con los limitados diagn\u00f3sticos en la regi\u00f3n, han retrasado la identificaci\u00f3n de la causa subyacente&#8221;, explic\u00f3 el organismo. Entre los s\u00edntomas que provoca la enfermedad figuran fiebre, dolor de cabeza, tos, secreci\u00f3n nasal y dolores corporales.<\/p>\n<p>Adem\u00e1s, en la zona hay malaria, lo que podr\u00eda haber contribuido a un incremento de las personas con problemas de salud. Seg\u00fan los especialistas, detr\u00e1s de esta enfermedad desconocida podr\u00eda haber m\u00e1s de una causa, por lo que tambi\u00e9n se analizan posibles factores que agravan la situaci\u00f3n, como neumon\u00eda aguda, gripe, covid-19 y sarampi\u00f3n.<\/p>\n<p>Pese a las complicaciones de acceso y diagn\u00f3stico en la zona sanitaria de Panzi, la OMS revel\u00f3 que sus equipos ya fueron desplegados en la regi\u00f3n, donde recogen muestras de laboratorio, investigan la din\u00e1mica de la transmisi\u00f3n, buscan nuevos casos y colaboran con el tratamiento de los pacientes.<\/p>\n","protected":false},"excerpt":{"rendered":"<p>La OMS report\u00f3 que hay al menos 31 muertes y que los principales afectados son los ni\u00f1os con problemas de nutrici\u00f3n &nbsp; &nbsp; Las investigaciones realizadas hasta el momento no lograron determinar cu\u00e1l es el origen de una extra\u00f1a enfermedad que afecta a la poblaci\u00f3n de Panzi, en la provincia de Kwango, al suroccidente de la Rep\u00fablica Democr\u00e1tica del Congo. En su informe de este domingo, la Organizaci\u00f3n Mundial de la Salud (OMS) report\u00f3 406 casos y 31 muertes en la zona estudiada. Aunque a\u00fan no hay certeza sobre el&#8230;<\/p>\n","protected":false},"author":3,"featured_media":123626,"comment_status":"closed","ping_status":"closed","sticky":false,"template":"","format":"standard","meta":[],"categories":[4],"tags":[],"_links":{"self":[{"href":"https:\/\/www.actualidadadiario.com\/index.php\/wp-json\/wp\/v2\/posts\/123625"}],"collection":[{"href":"https:\/\/www.actualidadadiario.com\/index.php\/wp-json\/wp\/v2\/posts"}],"about":[{"href":"https:\/\/www.actualidadadiario.com\/index.php\/wp-json\/wp\/v2\/types\/post"}],"author":[{"embeddable":true,"href":"https:\/\/www.actualidadadiario.com\/index.php\/wp-json\/wp\/v2\/users\/3"}],"replies":[{"embeddable":true,"href":"https:\/\/www.actualidadadiario.com\/index.php\/wp-json\/wp\/v2\/comments?post=123625"}],"version-history":[{"count":1,"href":"https:\/\/www.actualidadadiario.com\/index.php\/wp-json\/wp\/v2\/posts\/123625\/revisions"}],"predecessor-version":[{"id":123627,"href":"https:\/\/www.actualidadadiario.com\/index.php\/wp-json\/wp\/v2\/posts\/123625\/revisions\/123627"}],"wp:featuredmedia":[{"embeddable":true,"href":"https:\/\/www.actualidadadiario.com\/index.php\/wp-json\/wp\/v2\/media\/123626"}],"wp:attachment":[{"href":"https:\/\/www.actualidadadiario.com\/index.php\/wp-json\/wp\/v2\/media?parent=123625"}],"wp:term":[{"taxonomy":"category","embeddable":true,"href":"https:\/\/www.actualidadadiario.com\/index.php\/wp-json\/wp\/v2\/categories?post=123625"},{"taxonomy":"post_tag","embeddable":true,"href":"https:\/\/www.actualidadadiario.com\/index.php\/wp-json\/wp\/v2\/tags?post=123625"}],"curies":[{"name":"wp","href":"https:\/\/api.w.org\/{rel}","templated":true}]}}