{"id":123609,"date":"2024-12-09T16:25:20","date_gmt":"2024-12-09T19:25:20","guid":{"rendered":"https:\/\/www.actualidadadiario.com\/?p=123609"},"modified":"2024-12-09T16:25:20","modified_gmt":"2024-12-09T19:25:20","slug":"cristina-kirchner-kicillof-y-massa-juntos-en-moreno","status":"publish","type":"post","link":"https:\/\/www.actualidadadiario.com\/index.php\/2024\/12\/09\/cristina-kirchner-kicillof-y-massa-juntos-en-moreno\/","title":{"rendered":"Cristina Kirchner, Kicillof y Massa juntos en Moreno"},"content":{"rendered":"<p style=\"text-align: center;\"><em><strong>El encuentro de Moreno incluye una agenda que comprende la presentaci\u00f3n de \u201cun informe legislativo\u201d y un \u201can\u00e1lisis de la situaci\u00f3n pol\u00edtica\u201d<\/strong><\/em><\/p>\n<p>&nbsp;<\/p>\n<p>&nbsp;<\/p>\n<p>El Partido Justicialista (PJ) de la Provincia de Buenos Aires se re\u00fane este lunes en Moreno en un encuentro al que fueron invitados por M\u00e1ximo Kirchner, titular del PJ bonaerense, los tres sectores de mayor peso a nivel interno.<\/p>\n<p>Minutos antes de comenzar el c\u00f3nclave peronista, se difundi\u00f3 una foto de Cristina Kirchner, Axel Kicillof y Sergio Massa en el predio de la reserva municipal Los Robles, en Moreno, donde se hace la reuni\u00f3n. En la imagen tambi\u00e9n est\u00e1n Mariel Fern\u00e1ndez, intendenta de Moreno, y la vicegobernadora bonaerense Ver\u00f3nica Magario.<\/p>\n<p>Es un predio de 260 hect\u00e1reas. All\u00ed, el PJ se re\u00fane, seg\u00fan dejo trascender un dirigente del oeste bonaerense, el objetivo es &#8220;volver a conectar y dejar atr\u00e1s las internas&#8221;.<\/p>\n<p>En los alrededores de la reserva, se concentraron decenas de militantes.<\/p>\n<p>La primera en llegar al lugar fue la expresidenta Cristina Fern\u00e1ndez de Kirchner, quien arrib\u00f3 a la sede de la reuni\u00f3n a las 12.23, seguida minutos despu\u00e9s por Sergio Massa. A las 12,40 lleg\u00f3 el gobernador bonaerense Axel Kicillof, que confirm\u00f3 p\u00fablicamente su presencia reci\u00e9n este lunes, en una conferencia de prensa donde anunci\u00f3 que la provincia de Buenos Aires buscar\u00e1 sostener Aerol\u00edneas Argentinas.<\/p>\n<p>En el c\u00f3nclave, entre intendentes, sindicalistas y legisladores, hay reunidos en Moreno alrededor de 60 personas. La reuni\u00f3n se prev\u00e9 que durar\u00e1 unas tres horas, de modo que estar\u00eda concluyendo a las 16.<\/p>\n<p>La lista de oradores prev\u00e9 para el inicio del encuentro que tomen la palabra Teresa Garc\u00eda y Juliana Di Tullio, para dar luego paso a M\u00e1ximo Kirchner, Massa, Kicillof y Cristina Kirchner.<\/p>\n<p>Es la primera vez que los tres l\u00edderes se encuentren juntos despu\u00e9s de las elecciones del 2023. CFK adem\u00e1s asumir\u00e1 el mi\u00e9rcoles la presidencia del PJ nacional, con un acto en la La Universidad Metropolitana para la Educaci\u00f3n y el Trabajo (UMET).<\/p>\n<p>&nbsp;<\/p>\n<p><strong>Una foto con peso pol\u00edtico<\/strong><\/p>\n<p>Un d\u00eda antes de cumplirse el primer a\u00f1o del jefe libertario de La Libertad Avanza (LLA), Javier Milei, como presidente de la Naci\u00f3n, se re\u00fane el PJ bonaerense en Moreno con una agenda que comprende la presentaci\u00f3n de \u201cun informe legislativo\u201d y un \u201can\u00e1lisis de la situaci\u00f3n pol\u00edtica\u201d, aunque tambi\u00e9n promete una foto que encauce la interna. El presidente partidario regional, M\u00e1ximo Kirchner, curs\u00f3 la invitaci\u00f3n al encuentro a los dirigentes de mayor peso interno por estos d\u00edas con los que se intentar\u00e1 mostrar una foto de unidad. Tanto Fern\u00e1ndez de Kirchner como Massa, \u00faltimo candidato presidencial del peronismo y sus aliados, confirmaron con tiempo que asistir\u00e1n al encuentro, mientras que Kicillof se guard\u00f3 hasta \u00faltimo momento la carta de confirmaci\u00f3n.<\/p>\n<p>Finalmente el gobernador bonaerense confirm\u00f3 durante una conferencia de prensa este lunes por la ma\u00f1ana que asistir\u00e1. &#8220;Fui invitado pero en el marco de una agenda que est\u00e1 complicada, cosa que ya hice saber. As\u00ed que s\u00ed voy a ir&#8221;, expres\u00f3.<\/p>\n<p>Es la segunda vez que el peronismo bonaerense se reunir\u00e1 en el a\u00f1o, despu\u00e9s de concretar la convocatoria que congreg\u00f3 a sus integrantes en febrero en la localidad de Ca\u00f1uelas. Entre uno y otro encuentro el peronismo se debati\u00f3 en una discusi\u00f3n interna que mostr\u00f3 m\u00e1s cortocircuitos que acuerdos, llegando al punto m\u00e1s alto durante las semas previas a la definici\u00f3n de las autoridades nacionales del partido que dej\u00f3 la firme impresi\u00f3n de que entre el kirchnerismo y Kicillof deben afinar el l\u00e1piz para allanar sus diferencias y as\u00ed conformar una oposici\u00f3n a Milei con mayor potencia.<\/p>\n<p>El senador nacional Carlos Linares, de Uni\u00f3n por la Patria, asegur\u00f3 que la expresidenta Cristina Kirchner y el gobernador bonaerense, Axel Kicillof, mantienen contacto directo en medio del debate interno que se vive en el justicialismo. &#8220;Hablan. Las charlas las tienen y las van a seguir teniendo&#8221;, expres\u00f3 el senador ante la consulta sobre si existen contactos directos entre la flamante titular nacional del PJ y el mandatario provincial. Linares, a pocas horas del encuentro de ma\u00f1ana en Moreno del justicialismo bonaerense al que fue invitada la ex presidenta, consider\u00f3 que el partido tiene que ir &#8220;a la unidad de ideas&#8221;, aunque los nombres que van a encabezar la fuerza tambi\u00e9n sin importantes. El senador asegur\u00f3 que mantiene di\u00e1logo con ambos referentes partidarios y en cuanto a Cristina Kirchner, sostuvo que sabe &#8220;que la propuesta de pa\u00eds tiene que ser modernizada&#8221;.<\/p>\n<p>Distritos e intendentes como la anfitriona del congreso, Mariel Fern\u00e1ndez, intentan mantener un equilibrio de fidelidad entre la ex presidenta y el gobernador. El viernes pasado, en San Mart\u00edn, estuvo el presidente del PJ provincial, M\u00e1ximo Kirchner, participando del Encuentro Regional de Cooperativas, F\u00e1bricas Recuperadas y Espacios de Cuidado, junto al referente del Movimiento Evita, Leonardo Grosso. Al momento de hablar, Kirchner se refiri\u00f3 a la necesidad de la unidad del peronismo al se\u00f1alar que \u201ccolaborar y dejar los egos de lado porque nuestro espacio es Primero la Patria, no es primero Cristina, o primero M\u00e1ximo, o primero Axel, \u00a1es primero la Patria!\u201d.<\/p>\n<p>A su turno, Grosso asegur\u00f3 que el partido deb\u00eda concentrarse en \u201cenfrentar a este Gobierno, no podemos ser tibios. Este gobierno le est\u00e1 arruinando la vida a la mayor\u00eda de la gente. Est\u00e1 destruyendo el trabajo, la producci\u00f3n, las pol\u00edticas sociales, la vida cotidiana de las personas, nosotros sabemos c\u00f3mo termina esto, tiene vencimiento\u201d. Para mantener en igualdad de condiciones al distrito, Kicillof ya hab\u00eda confirmado su presencia en el partido de San Mart\u00edn por la tarde, a las 17, respondiendo a la organizaci\u00f3n realizada bajo el ala del ex intendente local y ministro de Infraestructura bonaerense, Gabriel Katopodis. All\u00ed apuntar\u00e1 contra Milei y sus pol\u00edticas neoliberales al cumplirse un a\u00f1o en la presidencia y lo contrastar\u00e1 con las pol\u00edticas que despleg\u00f3 en territorio bonaerense durante los \u00faltimos cinco a\u00f1os bajo la consigna #ElDa\u00f1odeMilei.<\/p>\n<p>&nbsp;<\/p>\n<p><strong>Acto en la UMET<\/strong><\/p>\n<p>La presencia de los tres dirigentes en el encuentro del justicialismo bonaerense ser\u00eda el inicio para dejar atr\u00e1s la ebullici\u00f3n que dej\u00f3 la interna nacional y que en gran parte tiene como eje un peronismo que intenta discernir una identidad despu\u00e9s de la derrota en las elecciones presidenciales y con la inminencia de las legislativas del a\u00f1o que viene.<\/p>\n<p>As\u00ed las cosas, la expresidenta Fern\u00e1ndez de Kirchner llegar\u00eda a su asunci\u00f3n como mayor autoridad del PJ con un menor caudal de conflicto interno. El acto en el que asumir\u00e1 formalmente como l\u00edder del peronismo en todo el territorio nacional ser\u00e1 el mi\u00e9rcoles a las 18 en la sede de la Universidad Metropolitana para la Educaci\u00f3n y el Trabajo (UMET) en el centro porte\u00f1o.<\/p>\n<p>All\u00ed se podr\u00e1 evaluar en base a las presencias de gobernadores, sindicalistas y dirigentes hasta donde se logr\u00f3 cerrar filas y acercar a los integrantes de la lista que encabez\u00f3 el gobernador riojano Ricardo Quintela para disputarle el liderazgo del partido, pero que finalmente qued\u00f3 fuera de la competencia por irregularidades en su lista. Adem\u00e1s acompa\u00f1ar\u00e1n a Fern\u00e1ndez de Kirchner los integrantes de la lista Primero la Patria que encabez\u00f3 y que tambi\u00e9n tomar\u00e1n posesi\u00f3n de sus respectivos cargos.<\/p>\n","protected":false},"excerpt":{"rendered":"<p>El encuentro de Moreno incluye una agenda que comprende la presentaci\u00f3n de \u201cun informe legislativo\u201d y un \u201can\u00e1lisis de la situaci\u00f3n pol\u00edtica\u201d &nbsp; &nbsp; El Partido Justicialista (PJ) de la Provincia de Buenos Aires se re\u00fane este lunes en Moreno en un encuentro al que fueron invitados por M\u00e1ximo Kirchner, titular del PJ bonaerense, los tres sectores de mayor peso a nivel interno. Minutos antes de comenzar el c\u00f3nclave peronista, se difundi\u00f3 una foto de Cristina Kirchner, Axel Kicillof y Sergio Massa en el predio de la reserva municipal Los&#8230;<\/p>\n","protected":false},"author":3,"featured_media":123610,"comment_status":"closed","ping_status":"closed","sticky":false,"template":"","format":"standard","meta":[],"categories":[18],"tags":[],"_links":{"self":[{"href":"https:\/\/www.actualidadadiario.com\/index.php\/wp-json\/wp\/v2\/posts\/123609"}],"collection":[{"href":"https:\/\/www.actualidadadiario.com\/index.php\/wp-json\/wp\/v2\/posts"}],"about":[{"href":"https:\/\/www.actualidadadiario.com\/index.php\/wp-json\/wp\/v2\/types\/post"}],"author":[{"embeddable":true,"href":"https:\/\/www.actualidadadiario.com\/index.php\/wp-json\/wp\/v2\/users\/3"}],"replies":[{"embeddable":true,"href":"https:\/\/www.actualidadadiario.com\/index.php\/wp-json\/wp\/v2\/comments?post=123609"}],"version-history":[{"count":1,"href":"https:\/\/www.actualidadadiario.com\/index.php\/wp-json\/wp\/v2\/posts\/123609\/revisions"}],"predecessor-version":[{"id":123611,"href":"https:\/\/www.actualidadadiario.com\/index.php\/wp-json\/wp\/v2\/posts\/123609\/revisions\/123611"}],"wp:featuredmedia":[{"embeddable":true,"href":"https:\/\/www.actualidadadiario.com\/index.php\/wp-json\/wp\/v2\/media\/123610"}],"wp:attachment":[{"href":"https:\/\/www.actualidadadiario.com\/index.php\/wp-json\/wp\/v2\/media?parent=123609"}],"wp:term":[{"taxonomy":"category","embeddable":true,"href":"https:\/\/www.actualidadadiario.com\/index.php\/wp-json\/wp\/v2\/categories?post=123609"},{"taxonomy":"post_tag","embeddable":true,"href":"https:\/\/www.actualidadadiario.com\/index.php\/wp-json\/wp\/v2\/tags?post=123609"}],"curies":[{"name":"wp","href":"https:\/\/api.w.org\/{rel}","templated":true}]}}