{"id":123605,"date":"2024-12-09T16:23:18","date_gmt":"2024-12-09T19:23:18","guid":{"rendered":"https:\/\/www.actualidadadiario.com\/?p=123605"},"modified":"2024-12-09T16:23:18","modified_gmt":"2024-12-09T19:23:18","slug":"el-gobierno-demora-el-llamado-a-extraordinarias-del-congreso-y-evalua-sumar-proyectos-al-temario","status":"publish","type":"post","link":"https:\/\/www.actualidadadiario.com\/index.php\/2024\/12\/09\/el-gobierno-demora-el-llamado-a-extraordinarias-del-congreso-y-evalua-sumar-proyectos-al-temario\/","title":{"rendered":"El Gobierno demora el llamado a extraordinarias del Congreso y eval\u00faa sumar proyectos al temario"},"content":{"rendered":"<p style=\"text-align: center;\"><em><strong>El decreto est\u00e1 listo para ser firmado y publicado en el Bolet\u00edn Oficial. Mientras tanto, en Casa Rosada analizan los potenciales proyectos a incorporar<\/strong><\/em><\/p>\n<p>&nbsp;<\/p>\n<p>&nbsp;<\/p>\n<p>Pese al anuncio del llamado a sesiones extraordinarias, el Gobierno Nacional demora la formalizaci\u00f3n de la convocatoria, mientras eval\u00faa la posibilidad de incorporar proyectos al temario que se tratar\u00e1 en diciembre.<\/p>\n<p>Tras el anuncio a cargo del vocero presidencial, Manuel Adorni, del pasado mi\u00e9rcoles sobre la convocatoria que se llevar\u00eda a cabo \u201centre el 5 y el 27 de diciembre\u201d, y que incluir\u00e1 reforma electoral y pol\u00edtica, juicio en ausencia, Ley Anti Mafia, los viajes del presidente y la eliminaci\u00f3n de los fueros en la pol\u00edtica, en el Poder Ejecutivo analizan el respaldo que tendr\u00e1 cada tema y a\u00fan definen los que buscan priorizar.<\/p>\n<p>El \u201canticipado\u201d mensaje del portavoz -como lo definieron algunas voces de la administraci\u00f3n- a\u00fan no se formaliz\u00f3, aunque en Casa Rosada aseguran que el decreto est\u00e1 listo para ser firmado y publicado en el Bolet\u00edn Oficial.<\/p>\n<p>Si bien hay plena consciencia de que no est\u00e1n los votos necesarios para la sanci\u00f3n de todos los proyectos, demuestran conformismo con la posibilidad de instalar determinados temas en la agenda.<\/p>\n<p>Del listado p\u00fablico, hasta el momento, los n\u00fameros solo dan para la aprobaci\u00f3n de la Ley Antimafia y el juicio en ausencia, por lo que en Balcarce 50 debaten las prioridades en las que se centrar\u00e1n para el despliegue de la ingenier\u00eda legislativa.<\/p>\n<p>A ra\u00edz de la detenci\u00f3n del senador Edgardo Kuider, demorado en Paraguay, con 200 mil d\u00f3lares sin declarar, el bloque de Uni\u00f3n por la Patria convoc\u00f3 a una sesi\u00f3n en la C\u00e1mara de Senadores para el jueves, con la intenci\u00f3n de tratar la remoci\u00f3n del legislador.<\/p>\n<p>Ante la estocada contra el aliado oficialista, y a sabiendas de que su potencial sucesora, Stefan\u00eda Cora, es dirigente de La C\u00e1mpora, la mesa chica libertaria estudia mandar un proyecto para echar a todos los legisladores con causas judiciales abiertas.<\/p>\n<p>En lo que queda del mes tambi\u00e9n podr\u00eda incluirse la privatizaci\u00f3n de Aerol\u00edneas Argentinas, Ley de reiterancia y\u00a0 juicios por jurado, tres de los temas que estaban previsto ser incluidos pero que quedaron afuera del temario. Tambi\u00e9n consideran la chance de sumar la denominada \u201cLey de igualdad ante la ley\u201d, que aspira a eliminar los cupos de g\u00e9nero en los empleos estatales.<\/p>\n<p>Dos de los temas que parecen descartados para este a\u00f1o son Ficha Limpia y el Presupuesto 2025. El argumento esgrimido para no volver a tratar el proyecto que impulsa el PRO es que el Ejecutivo trabaja en uno propio, bajo la coordinaci\u00f3n del abogado Alejandro Fargosi.<\/p>\n<p>La exclusi\u00f3n de la ley de leyes gener\u00f3 el rechazado de toda la oposici\u00f3n en el Congreso, ya que prorrogar\u00e1n la previsi\u00f3n para 2023, pero funcionarios aseguran que no hay acuerdo viable si los gobernadores mantienen los reclamos.<\/p>\n<p>Los pliegos de los jueces Ariel Lijo y Manuel Garc\u00eda Mansilla tampoco fueron incluidos al temario, y advierten que solo se sumar\u00e1n si el viceministro de Justicia, Sebasti\u00e1n Amerio, h\u00e1bil negociador con la oposici\u00f3n, logra reunir los votos necesarios para su aprobaci\u00f3n.<\/p>\n<p>Con respecto a la reforma electoral y pol\u00edtica que aspiran a aplicar, que incluye la eliminaci\u00f3n de las elecciones primarias (PASO), modificaciones en la publicidad estatal y el financiamiento a los partidos, no habr\u00eda acuerdo con la oposici\u00f3n, ni siquiera con los bloques dialoguistas que mantienen matices y reclaman que el debate se postergue hasta febrero.<\/p>\n<p>Su mero tratamiento instala el debate que el Poder Ejecutivo busca dar y con el que insistir\u00e1 el pr\u00f3ximo a\u00f1o, aunque no aplique para las pr\u00f3ximas elecciones legislativas.<\/p>\n","protected":false},"excerpt":{"rendered":"<p>El decreto est\u00e1 listo para ser firmado y publicado en el Bolet\u00edn Oficial. Mientras tanto, en Casa Rosada analizan los potenciales proyectos a incorporar &nbsp; &nbsp; Pese al anuncio del llamado a sesiones extraordinarias, el Gobierno Nacional demora la formalizaci\u00f3n de la convocatoria, mientras eval\u00faa la posibilidad de incorporar proyectos al temario que se tratar\u00e1 en diciembre. Tras el anuncio a cargo del vocero presidencial, Manuel Adorni, del pasado mi\u00e9rcoles sobre la convocatoria que se llevar\u00eda a cabo \u201centre el 5 y el 27 de diciembre\u201d, y que incluir\u00e1 reforma&#8230;<\/p>\n","protected":false},"author":3,"featured_media":104976,"comment_status":"closed","ping_status":"closed","sticky":false,"template":"","format":"standard","meta":[],"categories":[18],"tags":[],"_links":{"self":[{"href":"https:\/\/www.actualidadadiario.com\/index.php\/wp-json\/wp\/v2\/posts\/123605"}],"collection":[{"href":"https:\/\/www.actualidadadiario.com\/index.php\/wp-json\/wp\/v2\/posts"}],"about":[{"href":"https:\/\/www.actualidadadiario.com\/index.php\/wp-json\/wp\/v2\/types\/post"}],"author":[{"embeddable":true,"href":"https:\/\/www.actualidadadiario.com\/index.php\/wp-json\/wp\/v2\/users\/3"}],"replies":[{"embeddable":true,"href":"https:\/\/www.actualidadadiario.com\/index.php\/wp-json\/wp\/v2\/comments?post=123605"}],"version-history":[{"count":1,"href":"https:\/\/www.actualidadadiario.com\/index.php\/wp-json\/wp\/v2\/posts\/123605\/revisions"}],"predecessor-version":[{"id":123606,"href":"https:\/\/www.actualidadadiario.com\/index.php\/wp-json\/wp\/v2\/posts\/123605\/revisions\/123606"}],"wp:featuredmedia":[{"embeddable":true,"href":"https:\/\/www.actualidadadiario.com\/index.php\/wp-json\/wp\/v2\/media\/104976"}],"wp:attachment":[{"href":"https:\/\/www.actualidadadiario.com\/index.php\/wp-json\/wp\/v2\/media?parent=123605"}],"wp:term":[{"taxonomy":"category","embeddable":true,"href":"https:\/\/www.actualidadadiario.com\/index.php\/wp-json\/wp\/v2\/categories?post=123605"},{"taxonomy":"post_tag","embeddable":true,"href":"https:\/\/www.actualidadadiario.com\/index.php\/wp-json\/wp\/v2\/tags?post=123605"}],"curies":[{"name":"wp","href":"https:\/\/api.w.org\/{rel}","templated":true}]}}