{"id":123602,"date":"2024-12-09T16:22:01","date_gmt":"2024-12-09T19:22:01","guid":{"rendered":"https:\/\/www.actualidadadiario.com\/?p=123602"},"modified":"2024-12-09T16:22:01","modified_gmt":"2024-12-09T19:22:01","slug":"el-caso-kueider-acecha-a-milei-preocupado-por-su-esquema-de-alianzas-en-el-senado","status":"publish","type":"post","link":"https:\/\/www.actualidadadiario.com\/index.php\/2024\/12\/09\/el-caso-kueider-acecha-a-milei-preocupado-por-su-esquema-de-alianzas-en-el-senado\/","title":{"rendered":"El caso Kueider acecha a Milei, preocupado por su esquema de alianzas en el Senado"},"content":{"rendered":"<p style=\"text-align: center;\"><em><strong>El esc\u00e1ndalo por la detenci\u00f3n del legislador del PJ, que fue encontrado en Paraguay con m\u00e1s de 200 mil d\u00f3lares sin declarar, pone al gobierno de La Libertad Avanza ante una encerrona: tener que desligarse de \u00e9l, pero evitando a la vez avanzar con su desafuero, ya que en su lugar asumir\u00eda la camporista Stefan\u00eda Cora<\/strong><\/em><\/p>\n<p>&nbsp;<\/p>\n<p>&nbsp;<\/p>\n<p>El esc\u00e1ndalo por la detenci\u00f3n del senador Edgardo Kueider, que fue encontrado en Paraguay con m\u00e1s de 200 mil d\u00f3lares sin declarar, sacudi\u00f3 el tablero pol\u00edtico y dej\u00f3 al oficialismo en una posici\u00f3n inc\u00f3moda. Aunque en la Casa Rosada repiten como un mantra que es \u201cun tema del kirchnerismo\u201d, el gobierno de Javier Milei se encuentra en una encerrona: con los lazos de Kueider con La Libertad Avanza cada vez m\u00e1s expuestos, salir a defenderlo no es una opci\u00f3n, pero tampoco avanzar con su desafuero, ya que implicar\u00eda un riesgo legislativo importante: en la banca del entrerriano asumir\u00eda la camporista Stefan\u00eda Cora.<\/p>\n<p>\u201cQue se arreglen ellos\u201d, lanzan, sin embargo, cerca del Presidente, en l\u00ednea con las declaraciones de Milei la semana pasada mientras ingresaba al hotel Hilton de Puerto Madero, donde dio el discurso de cierre de la CPAC. Una clara subestimaci\u00f3n de la situaci\u00f3n, que no deja de ser una bomba de tiempo que amenaza con detonar en el coraz\u00f3n del poder.<\/p>\n<p>Es que la relaci\u00f3n de Kueider con el poder libertario va m\u00e1s all\u00e1 de la coyuntura. El senador entrerriano del PJ fue una pieza clave en votaciones sensibles para el oficialismo. Su respaldo result\u00f3 decisivo para la sanci\u00f3n de la ley Bases y otros proyectos impulsados desde la Casa Rosada. Ese fluido ida y vuelta, a partir de su cercan\u00eda con Santiago Caputo, el todopoderoso asesor presidencial, lo coloc\u00f3 en una posici\u00f3n privilegiada que, en julio, lo llev\u00f3 a estar a un tris de hacerse con la titularidad de la Bicameral de Inteligencia, una silla en la que acab\u00f3 sent\u00e1ndose el radical Mart\u00edn Lousteau.<\/p>\n<p>Necesitado de su apoyo, Milei no solo le garantiz\u00f3 a Kueider la superviviencia pol\u00edtica tras romper con el kirchnerismo, otorg\u00e1ndole la presidencia de la estrat\u00e9gica comisi\u00f3n de Asuntos Constitucionales, sino que tambi\u00e9n le abri\u00f3 puertas en otras \u00e1reas clave como la represa de Salto Grande, donde logr\u00f3 ubicar a aliados en posiciones estrat\u00e9gicas.<\/p>\n<p>&nbsp;<\/p>\n<p><strong>Entre la licencia y el posible desafuero<\/strong><\/p>\n<p>Este lunes, desde Paraguay, Kueider present\u00f3 formalmente ante la C\u00e1mara Alta una solicitud de licencia, aunque sin especificar una fecha. Desde el vamos, el entrerriano intent\u00f3 minimizar el impacto del caso declarando que permanecer\u00e1 en el pa\u00eds vecino hasta que se aclare su situaci\u00f3n. Sin embargo, enfrenta denuncias locales que lo vinculan con enriquecimiento il\u00edcito a trav\u00e9s de bienes inmuebles en Paran\u00e1 y otras operaciones cuestionadas.<\/p>\n<p>La semana pasada, Cristina Kirchner no perdi\u00f3 la oportunidad de apuntar contra el oficialismo. Luego de recordar que Kueider accedi\u00f3 a su banca bajo el Frente de Todos, destac\u00f3 su ausencia en votaciones clave que perjudicaron a los sectores populares. \u201cDemocracia tarifada\u201d, denunci\u00f3 la expresidenta, mientras se\u00f1alaba que la aparici\u00f3n del senador en Paraguay con miles de d\u00f3lares sin declarar es un reflejo de las alianzas que La Libertad Avanza supo tejer con actores cuestionados.<\/p>\n<p>Desde el Senado, Victoria Villarruel, no se qued\u00f3 atr\u00e1s y le respondi\u00f3 a la exvicepresidenta. \u201cSu tiempo pas\u00f3. Deje de hacerle da\u00f1o a la Argentina con su banda y tenga la m\u00ednima dignidad de dejar de atormentar a nuestro pueblo\u201d, lanz\u00f3 a trav\u00e9s de su cuenta de X. Adem\u00e1s, se\u00f1al\u00f3 que no tolerar\u00e1 actos delictivos, dejando abierta la posibilidad de apoyar el desafuero de Kueider si las pruebas lo justifican.<\/p>\n<p>El reglamento de la C\u00e1mara alta no contempla con claridad sanciones por conductas fuera del recinto, pero no se descarta que el caso derive en la creaci\u00f3n de una comisi\u00f3n especial que proponga medidas dr\u00e1sticas. La bancada kirchnerista ya solicit\u00f3 una sesi\u00f3n especial para tratar su remoci\u00f3n. El inter\u00e9s es directo: sin Kueider, el interbloque de Uni\u00f3n por la Patria que encabeza Jos\u00e9 Mayans podr\u00eda alcanzar la mayor\u00eda gracias a alianzas m\u00ednimas, dificultando la gobernabilidad del oficialismo.<\/p>\n<p>Pero el affaire Kueider no solo encendi\u00f3 alarmas en el Congreso. Tambi\u00e9n expuso las promesas pol\u00edticas que habr\u00eda recibido el entrerriano por parte del Gobierno. En Balcarce 50 lo niegan, pero son cada vez m\u00e1s fuertes los rumores que indican que Kueider ya hab\u00eda negociado con Caputo ser candidato de La Libertad Avanza en 2025. \u00bfEl objetivo? Debilitar al peronismo local y captar entre 3 y 5 puntos en una elecci\u00f3n fragmentada. Como plan alternativo, se le habr\u00eda ofrecido el puesto de embajador en Uruguay, en caso de no concretar sus aspiraciones electorales. El toma y daca de la \u201ccasta\u201d, intacto.<\/p>\n","protected":false},"excerpt":{"rendered":"<p>El esc\u00e1ndalo por la detenci\u00f3n del legislador del PJ, que fue encontrado en Paraguay con m\u00e1s de 200 mil d\u00f3lares sin declarar, pone al gobierno de La Libertad Avanza ante una encerrona: tener que desligarse de \u00e9l, pero evitando a la vez avanzar con su desafuero, ya que en su lugar asumir\u00eda la camporista Stefan\u00eda Cora &nbsp; &nbsp; El esc\u00e1ndalo por la detenci\u00f3n del senador Edgardo Kueider, que fue encontrado en Paraguay con m\u00e1s de 200 mil d\u00f3lares sin declarar, sacudi\u00f3 el tablero pol\u00edtico y dej\u00f3 al oficialismo en una&#8230;<\/p>\n","protected":false},"author":3,"featured_media":123603,"comment_status":"closed","ping_status":"closed","sticky":false,"template":"","format":"standard","meta":[],"categories":[18],"tags":[],"_links":{"self":[{"href":"https:\/\/www.actualidadadiario.com\/index.php\/wp-json\/wp\/v2\/posts\/123602"}],"collection":[{"href":"https:\/\/www.actualidadadiario.com\/index.php\/wp-json\/wp\/v2\/posts"}],"about":[{"href":"https:\/\/www.actualidadadiario.com\/index.php\/wp-json\/wp\/v2\/types\/post"}],"author":[{"embeddable":true,"href":"https:\/\/www.actualidadadiario.com\/index.php\/wp-json\/wp\/v2\/users\/3"}],"replies":[{"embeddable":true,"href":"https:\/\/www.actualidadadiario.com\/index.php\/wp-json\/wp\/v2\/comments?post=123602"}],"version-history":[{"count":1,"href":"https:\/\/www.actualidadadiario.com\/index.php\/wp-json\/wp\/v2\/posts\/123602\/revisions"}],"predecessor-version":[{"id":123604,"href":"https:\/\/www.actualidadadiario.com\/index.php\/wp-json\/wp\/v2\/posts\/123602\/revisions\/123604"}],"wp:featuredmedia":[{"embeddable":true,"href":"https:\/\/www.actualidadadiario.com\/index.php\/wp-json\/wp\/v2\/media\/123603"}],"wp:attachment":[{"href":"https:\/\/www.actualidadadiario.com\/index.php\/wp-json\/wp\/v2\/media?parent=123602"}],"wp:term":[{"taxonomy":"category","embeddable":true,"href":"https:\/\/www.actualidadadiario.com\/index.php\/wp-json\/wp\/v2\/categories?post=123602"},{"taxonomy":"post_tag","embeddable":true,"href":"https:\/\/www.actualidadadiario.com\/index.php\/wp-json\/wp\/v2\/tags?post=123602"}],"curies":[{"name":"wp","href":"https:\/\/api.w.org\/{rel}","templated":true}]}}