{"id":123600,"date":"2024-12-09T16:20:39","date_gmt":"2024-12-09T19:20:39","guid":{"rendered":"https:\/\/www.actualidadadiario.com\/?p=123600"},"modified":"2024-12-09T16:20:39","modified_gmt":"2024-12-09T19:20:39","slug":"primer-ano-de-milei-inflacion-ajuste-y-caida-de-empleo","status":"publish","type":"post","link":"https:\/\/www.actualidadadiario.com\/index.php\/2024\/12\/09\/primer-ano-de-milei-inflacion-ajuste-y-caida-de-empleo\/","title":{"rendered":"Primer a\u00f1o de Milei: Inflaci\u00f3n, ajuste y ca\u00edda de empleo"},"content":{"rendered":"<p style=\"text-align: center;\"><em><strong>El ajuste econ\u00f3mico de Milei dej\u00f3 261 mil puestos menos, ca\u00edda salarial y una inflaci\u00f3n que afecta a todos los argentinos. Los n\u00fameros de su primer a\u00f1o<\/strong><\/em><\/p>\n<p>&nbsp;<\/p>\n<p>&nbsp;<\/p>\n<p>Este 10 de diciembre se cumple el primer a\u00f1o de la gesti\u00f3n de Javier Milei como presidente, un per\u00edodo que ha dejado una profunda huella en la econom\u00eda argentina. Desde su asunci\u00f3n, se impusieron reformas dr\u00e1sticas, con un ajuste ortodoxo que promet\u00eda ordenar las variables macroecon\u00f3micas, pero que tambi\u00e9n gener\u00f3 un costo social elevado.<\/p>\n<p>&nbsp;<\/p>\n<p><strong>Una econom\u00eda estancada y con fuertes p\u00e9rdidas de empleo<\/strong><\/p>\n<p>Seg\u00fan el Centro de Econom\u00eda Pol\u00edtica (CEPA), entre noviembre de 2023 y agosto de 2024, se perdieron m\u00e1s de 261 mil puestos de trabajo en el sector formal. Esta dr\u00e1stica ca\u00edda, que afect\u00f3 a sectores clave como la construcci\u00f3n y la industria manufacturera, contrasta con la creaci\u00f3n de empleos en sectores como el agro y la miner\u00eda, que no lograron compensar la magnitud de la crisis.<\/p>\n<p>El ajuste econ\u00f3mico, que incluy\u00f3 una devaluaci\u00f3n del 118% y un aumento significativo en las tarifas de servicios p\u00fablicos, golpe\u00f3 con dureza a los trabajadores argentinos. La ca\u00edda de la actividad econ\u00f3mica, que toc\u00f3 fondo en abril, gener\u00f3 una contracci\u00f3n del 4,4% en la producci\u00f3n, y aunque hubo leves rebotes a lo largo del a\u00f1o, los datos del tercer trimestre apuntan a una ca\u00edda interanual del 3,1%.<\/p>\n<p>&nbsp;<\/p>\n<p><strong>Salarios a la baja: una p\u00e9rdida del 3,7% en poder adquisitivo<\/strong><\/p>\n<p>El impacto en los salarios es uno de los aspectos m\u00e1s cr\u00edticos de la gesti\u00f3n de Milei. La inflaci\u00f3n, que alcanz\u00f3 un 25,5% en diciembre de 2023, tuvo un efecto devastador sobre el poder adquisitivo de los trabajadores. Mientras los salarios de los sectores registrados privados lograron una leve recuperaci\u00f3n, el salario promedio en t\u00e9rminos reales cay\u00f3 un 9,6%. En los sectores p\u00fablicos y no registrados, la p\u00e9rdida fue a\u00fan mayor: un 16,1% y un 20,1%, respectivamente.<\/p>\n<p>Seg\u00fan el informe de CEPA, la masa salarial real, ajustada por la cantidad de trabajadores, cay\u00f3 un 3,7%. Si se utiliza la metodolog\u00eda actualizada en 2017\/2018, las p\u00e9rdidas en t\u00e9rminos reales ser\u00edan a\u00fan mayores, alcanzando el 22,5% en el sector p\u00fablico y el 27,2% en el sector no registrado.<\/p>\n<p>&nbsp;<\/p>\n<p><strong>Inflaci\u00f3n descontrolada: el costo de las medidas de Milei<\/strong><\/p>\n<p>La acelerada devaluaci\u00f3n del peso y la desregulaci\u00f3n de los precios de servicios, combustibles, alimentos y medicamentos fueron las principales causas de una inflaci\u00f3n desbocada, que en los primeros meses del gobierno alcanz\u00f3 cifras alarmantes. Aunque la inflaci\u00f3n empez\u00f3 a desacelerarse a partir de mayo, con una ca\u00edda en el ritmo de aumentos de precios a partir de septiembre, el da\u00f1o ya estaba hecho: los precios de los bienes de consumo masivo siguieron subiendo a un ritmo imparable, afectando directamente al bolsillo de los argentinos.<\/p>\n<p>El informe de CEPA tambi\u00e9n se\u00f1ala que el indicador oficial de inflaci\u00f3n, el IPC, no refleja de manera adecuada los cambios en el consumo de los argentinos, ya que no toma en cuenta el aumento exponencial de los servicios b\u00e1sicos, que impactaron de forma mucho m\u00e1s dram\u00e1tica en los hogares que los incrementos en alimentos.<\/p>\n<p>&nbsp;<\/p>\n<p><strong>\u00bfQu\u00e9 esperar de 2025?<\/strong><\/p>\n<p>El panorama para el futuro cercano no es alentador. Seg\u00fan CEPA, 2025 podr\u00eda traer m\u00e1s dificultades para los trabajadores, con una recuperaci\u00f3n salarial limitada que podr\u00eda alimentar a\u00fan m\u00e1s las desigualdades. Las diferencias entre sectores ganadores (como el agro) y sectores perdedores (como la industria y la construcci\u00f3n) se profundizar\u00e1n, y la ca\u00edda en el consumo seguir\u00e1 limitando el crecimiento econ\u00f3mico.<\/p>\n<p>El ajuste ortodoxo implementado por Milei podr\u00eda traer mejoras macroecon\u00f3micas a corto plazo, pero con un alto costo social y sin una soluci\u00f3n clara para la mejora del salario real de los argentinos.<\/p>\n","protected":false},"excerpt":{"rendered":"<p>El ajuste econ\u00f3mico de Milei dej\u00f3 261 mil puestos menos, ca\u00edda salarial y una inflaci\u00f3n que afecta a todos los argentinos. Los n\u00fameros de su primer a\u00f1o &nbsp; &nbsp; Este 10 de diciembre se cumple el primer a\u00f1o de la gesti\u00f3n de Javier Milei como presidente, un per\u00edodo que ha dejado una profunda huella en la econom\u00eda argentina. Desde su asunci\u00f3n, se impusieron reformas dr\u00e1sticas, con un ajuste ortodoxo que promet\u00eda ordenar las variables macroecon\u00f3micas, pero que tambi\u00e9n gener\u00f3 un costo social elevado. &nbsp; Una econom\u00eda estancada y con fuertes&#8230;<\/p>\n","protected":false},"author":3,"featured_media":122597,"comment_status":"closed","ping_status":"closed","sticky":false,"template":"","format":"standard","meta":[],"categories":[18],"tags":[],"_links":{"self":[{"href":"https:\/\/www.actualidadadiario.com\/index.php\/wp-json\/wp\/v2\/posts\/123600"}],"collection":[{"href":"https:\/\/www.actualidadadiario.com\/index.php\/wp-json\/wp\/v2\/posts"}],"about":[{"href":"https:\/\/www.actualidadadiario.com\/index.php\/wp-json\/wp\/v2\/types\/post"}],"author":[{"embeddable":true,"href":"https:\/\/www.actualidadadiario.com\/index.php\/wp-json\/wp\/v2\/users\/3"}],"replies":[{"embeddable":true,"href":"https:\/\/www.actualidadadiario.com\/index.php\/wp-json\/wp\/v2\/comments?post=123600"}],"version-history":[{"count":1,"href":"https:\/\/www.actualidadadiario.com\/index.php\/wp-json\/wp\/v2\/posts\/123600\/revisions"}],"predecessor-version":[{"id":123601,"href":"https:\/\/www.actualidadadiario.com\/index.php\/wp-json\/wp\/v2\/posts\/123600\/revisions\/123601"}],"wp:featuredmedia":[{"embeddable":true,"href":"https:\/\/www.actualidadadiario.com\/index.php\/wp-json\/wp\/v2\/media\/122597"}],"wp:attachment":[{"href":"https:\/\/www.actualidadadiario.com\/index.php\/wp-json\/wp\/v2\/media?parent=123600"}],"wp:term":[{"taxonomy":"category","embeddable":true,"href":"https:\/\/www.actualidadadiario.com\/index.php\/wp-json\/wp\/v2\/categories?post=123600"},{"taxonomy":"post_tag","embeddable":true,"href":"https:\/\/www.actualidadadiario.com\/index.php\/wp-json\/wp\/v2\/tags?post=123600"}],"curies":[{"name":"wp","href":"https:\/\/api.w.org\/{rel}","templated":true}]}}