{"id":123593,"date":"2024-12-09T16:18:39","date_gmt":"2024-12-09T19:18:39","guid":{"rendered":"https:\/\/www.actualidadadiario.com\/?p=123593"},"modified":"2024-12-09T16:18:39","modified_gmt":"2024-12-09T19:18:39","slug":"la-extensa-lista-de-funcionarios-echados-por-javier-milei-en-su-primer-ano-de-gobierno","status":"publish","type":"post","link":"https:\/\/www.actualidadadiario.com\/index.php\/2024\/12\/09\/la-extensa-lista-de-funcionarios-echados-por-javier-milei-en-su-primer-ano-de-gobierno\/","title":{"rendered":"La extensa lista de funcionarios echados por Javier Milei en su primer a\u00f1o de gobierno"},"content":{"rendered":"<p style=\"text-align: center;\"><em><strong>La salida de Florencia Misrahi volvi\u00f3 a poner la lupa sobre la catarata de ministros y secretarios renunciados o desplazados de la gesti\u00f3n libertaria desde el 10 de diciembre de 2023<\/strong><\/em><\/p>\n<p>&nbsp;<\/p>\n<p>&nbsp;<\/p>\n<p>Javier Milei volvi\u00f3 a sacudir el avispero este s\u00e1bado al echar de la ARCA, exAFIP, a Florencia Misrahi. Un impuesto a los influencers que la funcionaria resolvi\u00f3 unilateralmente fue la gota que rebals\u00f3 el vaso, seg\u00fan se desprende del comunicado que luego difundi\u00f3 la Oficina del Presidente.<\/p>\n<p>El despido de Misrah\u00ed, a quien reemplazar\u00e1 Juan Alberto Pazo, hasta hoy secretario de Coordinaci\u00f3n de Producci\u00f3n del Ministerio de Econom\u00eda, y hombre de confianza de Luis Caputo, se suma a otro de alto perfil: el de Diana Mondino del Ministerio de Relaciones Exteriores.<\/p>\n<p>La canciller debi\u00f3 dejar su cargo al cierre de octubre luego de que la delegaci\u00f3n argentina votara en contra del embargo de Estados Unidos a Cuba en la Asamblea General de la ONU, donde se aprob\u00f3 una resoluci\u00f3n que pide poner fin al &#8220;bloqueo&#8221; a ese pa\u00eds.<\/p>\n<p>Antes fue el secretario de Energ\u00eda, Eduardo Rodr\u00edguez Chirillo, quien dej\u00f3 su puesto por &#8220;motivos personales&#8221;, seg\u00fan explic\u00f3 \u00e9l mismo en redes sociales.<\/p>\n<p>Lo cierto es que el despido o renuncia de funcionarios dentro de la administraci\u00f3n libertaria ha sido una constante durante el primer a\u00f1o de gesti\u00f3n, a raz\u00f3n de uno cada 8 d\u00edas si se consideran los m\u00e1s de 40 que abandonaron o fueron eyectados de sus cargos.<\/p>\n<p>&nbsp;<\/p>\n<p><strong>La sangr\u00eda de funcionario del gobierno de Milei: uno cada 8 d\u00edas<\/strong><\/p>\n<p>El ministerio donde hubo m\u00e1s bajas fue el de Capital Humano. A la salida de Cassino le precedi\u00f3, en el mismo cargo la de Pablo de la Torre, quien fue desplazado por el hallazgo de toneladas de alimentos sin entregar a comedores populares.<\/p>\n<p>La renuncia del funcionario tambi\u00e9n motiv\u00f3 que dejen su cargo el entonces subsecretario de Pol\u00edticas Sociales, H\u00e9ctor Calvente; la subsecretaria de Pol\u00edticas Territoriales y Desarrollo Humano, Luc\u00eda Raskovsky; y la subsecretaria de Pol\u00edticas Familiares, Ana Marmora.<\/p>\n<p>En la cartera de Sandra Pettovello fue desplazado, adem\u00e1s. el secretario de Trabajo, Empleo y Seguridad Social, Omar Yas\u00edn, y quien era titular de la Unidad Gabinete de Asesores del Ministerio, Fernando Szereszevky.<\/p>\n<p>Asimismo, Pettovello ech\u00f3 a la ex subsecretaria de Relaciones del Trabajo, Mariana Hortal Sueldo; el ex subsecretario de Trabajo, Horacio Pitrau; el ex secretario de la Coordinaci\u00f3n de Legales y Administrativa, Maximiliano Keczeli; y el ex subsecretario de Gesti\u00f3n Administrativa de la Secretar\u00eda de Coordinaci\u00f3n Legal y Administrativa, Gonzalo Fort\u00edn, entre otros.<\/p>\n<p>Un total de 12 bajas o, dicho de otra forma, el 25% del total de dimisiones dentro del Gobierno<\/p>\n<p>&nbsp;<\/p>\n<p><strong>El gabinete de Milei: todos los funcionarios que dejaron\u00a0 su cargo<\/strong><\/p>\n<p>Parece que fue hace mucho tiempo, pero salida m\u00e1s resonante dentro del gobierno sucedi\u00f3 hace solo cinco meses. Fue el 27 de mayo cuando Nicol\u00e1s Posse dej\u00f3 la jefatura de Gabinete. De larga amistad con el Presidente, Posse hab\u00eda sido el arquitecto de la campa\u00f1a de Milei y del armado del Gabinete,\u00a0 por ello ocupaba el cargo m\u00e1s importante dentro de la estructura del Poder Ejecutivo.<\/p>\n<p>Lo reemplaz\u00f3 Guillermo Francos. quien a los pocos d\u00edas dio de baja al por entonces secretario de Innovaci\u00f3n, Ciencia y Tecnolog\u00eda Alejandro Cosentino. Unos meses despu\u00e9s, hizo lo propio con subsecretario de Deportes, Julio Garro, tras sus cuestionamientos a Messi y la Selecci\u00f3n por los pol\u00e9micos c\u00e1nticos contra Francia durante la obtenci\u00f3n de la Copa Am\u00e9rica.<\/p>\n<p>Otra salida que hizo ruido fue la de Osvaldo Giordano, titular de ANSES, al cual le pidieron la renuncia luego de que su esposa votara en la C\u00e1mara de Diputados en contra de la Ley Bases.<\/p>\n<p>La lista contin\u00faa con Flavia Roy\u00f3n, secretaria en el \u00e1rea de Miner\u00eda que tambi\u00e9n ocup\u00f3 el cargo de Energ\u00eda durante la gesti\u00f3n de Alberto Fern\u00e1ndez. Fue otra de las v\u00edctimas de la no aprobaci\u00f3n de la Ley Bases en su primer paso por la C\u00e1mara Baja por su cercan\u00eda pol\u00edtica al gobernador de Salta, Gustavo Saenz.<\/p>\n<p>Otro de los despidos m\u00e1s importantes fue el del recientemente fallecido Guillermo Ferraro, exministro de Infraestructura, el cual sali\u00f3 del Gabinete luego de que se lo acusara de filtrar informaci\u00f3n de las reuniones que manten\u00eda el pleno de ministros. El hecho ocurri\u00f3 a fines de enero, pero se oficializ\u00f3 su salida en marzo. El \u00e1rea pas\u00f3 a depender del Ministerio de Econom\u00eda que conduce Lu\u00eds Caputo.<\/p>\n<p>Tambi\u00e9n tuvo un fugaz paso por la gesti\u00f3n nacional Enrique Rodr\u00edguez Chiantore, en la Superintendencia de Servicios de Salud. Su salida fue una de las m\u00e1s pol\u00e9micas porque afirm\u00f3 &#8220;que se enter\u00f3 por WhatsApp&#8221;. Se produjo luego del primer paro de la CGT y \u00e9l fue uno de los principales apuntados tras la medida de fuerza.<\/p>\n<p>En otro de los puestos m\u00e1s importantes fue removido Marcelo Papandrea, quien era el titular de Agua y Saneamientos Argentinos (AySA), luego de que no ejecutara la orden de la Jefatura de Gabinete de remover una estructura ligada al gobierno anterior.<\/p>\n<p>Uno cada 8 d\u00edas. Un ritmo alocado en un gabinete &#8220;en revisi\u00f3n permanente&#8221; en el que nadie tiene el lugar asegurado salvo el &#8220;tri\u00e1ngulo de hierro&#8221; que\u00a0 integran la secretaria general de la Presidencia, su hermana Karina Milei, y el plenopotenciario asesor presidencial, Santiago Caputo.<\/p>\n<p>Una mesa chica que impone una din\u00e1mica que, todo parece indicarlo, tendr\u00e1s m\u00e1s salidas en los tres a\u00f1os que le restan al primer mandato de Milei.<\/p>\n","protected":false},"excerpt":{"rendered":"<p>La salida de Florencia Misrahi volvi\u00f3 a poner la lupa sobre la catarata de ministros y secretarios renunciados o desplazados de la gesti\u00f3n libertaria desde el 10 de diciembre de 2023 &nbsp; &nbsp; Javier Milei volvi\u00f3 a sacudir el avispero este s\u00e1bado al echar de la ARCA, exAFIP, a Florencia Misrahi. Un impuesto a los influencers que la funcionaria resolvi\u00f3 unilateralmente fue la gota que rebals\u00f3 el vaso, seg\u00fan se desprende del comunicado que luego difundi\u00f3 la Oficina del Presidente. El despido de Misrah\u00ed, a quien reemplazar\u00e1 Juan Alberto Pazo,&#8230;<\/p>\n","protected":false},"author":3,"featured_media":123594,"comment_status":"closed","ping_status":"closed","sticky":false,"template":"","format":"standard","meta":[],"categories":[9],"tags":[],"_links":{"self":[{"href":"https:\/\/www.actualidadadiario.com\/index.php\/wp-json\/wp\/v2\/posts\/123593"}],"collection":[{"href":"https:\/\/www.actualidadadiario.com\/index.php\/wp-json\/wp\/v2\/posts"}],"about":[{"href":"https:\/\/www.actualidadadiario.com\/index.php\/wp-json\/wp\/v2\/types\/post"}],"author":[{"embeddable":true,"href":"https:\/\/www.actualidadadiario.com\/index.php\/wp-json\/wp\/v2\/users\/3"}],"replies":[{"embeddable":true,"href":"https:\/\/www.actualidadadiario.com\/index.php\/wp-json\/wp\/v2\/comments?post=123593"}],"version-history":[{"count":1,"href":"https:\/\/www.actualidadadiario.com\/index.php\/wp-json\/wp\/v2\/posts\/123593\/revisions"}],"predecessor-version":[{"id":123595,"href":"https:\/\/www.actualidadadiario.com\/index.php\/wp-json\/wp\/v2\/posts\/123593\/revisions\/123595"}],"wp:featuredmedia":[{"embeddable":true,"href":"https:\/\/www.actualidadadiario.com\/index.php\/wp-json\/wp\/v2\/media\/123594"}],"wp:attachment":[{"href":"https:\/\/www.actualidadadiario.com\/index.php\/wp-json\/wp\/v2\/media?parent=123593"}],"wp:term":[{"taxonomy":"category","embeddable":true,"href":"https:\/\/www.actualidadadiario.com\/index.php\/wp-json\/wp\/v2\/categories?post=123593"},{"taxonomy":"post_tag","embeddable":true,"href":"https:\/\/www.actualidadadiario.com\/index.php\/wp-json\/wp\/v2\/tags?post=123593"}],"curies":[{"name":"wp","href":"https:\/\/api.w.org\/{rel}","templated":true}]}}