{"id":123590,"date":"2024-12-09T16:16:59","date_gmt":"2024-12-09T19:16:59","guid":{"rendered":"https:\/\/www.actualidadadiario.com\/?p=123590"},"modified":"2024-12-09T16:17:12","modified_gmt":"2024-12-09T19:17:12","slug":"se-vienen-las-3-000-reformas-que-prometio-milei-cuales-son-las-mas-importantes-y-en-que-sectores-impactaran","status":"publish","type":"post","link":"https:\/\/www.actualidadadiario.com\/index.php\/2024\/12\/09\/se-vienen-las-3-000-reformas-que-prometio-milei-cuales-son-las-mas-importantes-y-en-que-sectores-impactaran\/","title":{"rendered":"Se vienen las &#8220;3.000 reformas&#8221; que prometi\u00f3 Milei: cu\u00e1les son las m\u00e1s importantes y en qu\u00e9 sectores impactar\u00e1n"},"content":{"rendered":"<p style=\"text-align: center;\"><em><strong>El Presidente pretende aprovechar el alto nivel de imagen positiva que a\u00fan mantiene para encarar m\u00faltiples reformas en los pr\u00f3ximos meses<\/strong><\/em><\/p>\n<p>&nbsp;<\/p>\n<p>&nbsp;<\/p>\n<p>&#8220;La econom\u00eda est\u00e1 en un momento floreciente y eso se sostiene con reformas de largo plazo&#8221;. La frase pronunciada en los \u00faltimos d\u00edas por el presidente Javier Milei refleja en qu\u00e9 est\u00e1 pensando el libertario para lo que resta de su gobierno, y en especial para el 2025.<\/p>\n<p>Pretende aprovechar el alto nivel de imagen positiva que a\u00fan mantiene para encarar m\u00faltiples reformas en los pr\u00f3ximos meses, con el fin de sostener el equilibrio fiscal, eliminar m\u00e1s regulaciones y tratar de que el Estado tenga cada vez menos injerencia en la vida cotidiana de las personas y las empresas.<\/p>\n<p>A caballo de la baja de la inflaci\u00f3n, la ca\u00edda del d\u00f3lar, el equilibrio fiscal y un optimismo inversor que llama la atenci\u00f3n de los principales especialistas, Milei quiere seguir acelerando a fondo para dejar su impronta en casi todos los \u00f3rdenes de la vida cotidiana.<\/p>\n<p>&#8220;Quiero que para el final de mi mandato hagamos 3.200 reformas estructurales m\u00e1s y ser el pa\u00eds m\u00e1s libre del mundo&#8221;, asegura.<\/p>\n<p>&nbsp;<\/p>\n<p><strong>Cu\u00e1les son las reformas m\u00e1s importantes que planean Javier Milei y Federico Sturzenegger<\/strong><\/p>\n<p>Buena parte de esas iniciativas son las que trabaja su ministro de Modernizaci\u00f3n, el &#8220;coloso&#8221; Federico Sturzenegger. Milei est\u00e1 convencido de que la mejora de los indicadores econ\u00f3micos est\u00e1 totalmente ligada a que la opini\u00f3n p\u00fablica considera que cumpli\u00f3 su palabra y avanz\u00f3 con los cambios prometidos en la campa\u00f1a.<\/p>\n<p>Gusta su inclinaci\u00f3n espartana hacia la austeridad, la decisi\u00f3n de achicar el Estado, terminar con los &#8220;\u00f1oquis&#8221; y recortar m\u00faltiples \u00e1reas superfluas creadas durante el kirchnerismo en muchos casos para colocar cargos pol\u00edticos. El presidente adjudica su &#8220;\u00e9xito&#8221; a la revisi\u00f3n cr\u00edtica de las pol\u00edticas kirchneristas. Y machaca: &#8220;La Argentina ten\u00eda controles de precios y d\u00e9ficit fiscal financiado con emisi\u00f3n monetaria, lo que estimulaba artificialmente la demanda y presionaba los precios. Eso distorsionaba la verdadera magnitud de la pobreza, que era m\u00e1s alta de lo que el gobierno anterior admit\u00eda&#8221;, asegura.<\/p>\n<p>El \u00faltimo estudio de la Universidad Cat\u00f3lica, correspondiente al tercer trimestre del a\u00f1o, verific\u00f3 un descenso -leve- del \u00edndice pobreza, del 54% a poco menos del 50%. Es poco, pero si esa tendencia se mantuviese, de la mano de un continuo descenso de la inflaci\u00f3n, pondr\u00eda al gobierno en muy buenas condiciones para afrontar el a\u00f1o electoral.<\/p>\n<p>Milei viene destacando los avances en los salarios reales y las jubilaciones, que &#8220;han comenzado a crecer por encima de la inflaci\u00f3n&#8221;. Y explica que &#8220;con el ajuste fiscal que implementamos, el riesgo pa\u00eds cay\u00f3 de 3.000 a 770 puntos b\u00e1sicos, lo que reduce tasas de inter\u00e9s y fomenta inversi\u00f3n y consumo&#8221;. Ahora dice ir por la &#8220;batalla cultural&#8221;, para frenar al &#8220;socialismo&#8221;. Entre sus adversarios tambi\u00e9n incluye al feminismo y al ambientalismo.<\/p>\n<p>&nbsp;<\/p>\n<p><strong>Vienen las 3000 reformas que prometi\u00f3 Javier Milei: las tres bases de su estrategia<\/strong><\/p>\n<p>Las tres bases de su estrategia, asegura, ser\u00e1n impulsar reformas para profundizar el capitalismo de libre mercado, la democracia liberal republicana con control de poderes y, justamente, la batalla cultural.<\/p>\n<p>&#8220;El liberalismo puede generar resultados s\u00f3lidos, pero debe complementarse con una estrategia cultural para evitar el avance del socialismo, que solo produce miseria&#8221;, asegura.<\/p>\n<p>Por eso, sectores pol\u00edticos, empresariales y financieros se empiezan a preguntar por donde pasar\u00e1n las l\u00edneas medulares de las reformas que vienen. Milei asegura que son 3.200, y que prev\u00e9 implementarlas en los tres a\u00f1os que le quedan de mandato.<\/p>\n<p>El cap\u00edtulo judicial forma parte de la agenda que viene. Poniendo como ejemplo los recientes fallos contra la expresidente Cristina Kirchner, Milei destaca que su administraci\u00f3n liber\u00f3 a la Justicia para actuar sin presiones. &#8220;Durante mi mandato se conden\u00f3 a Cristina y se avanz\u00f3 contra los responsables de los ataques terroristas de Ir\u00e1n&#8221;, asegur\u00f3.<\/p>\n<p>&nbsp;<\/p>\n<p><strong>La reforma previsional, un cap\u00edtulo pendiente para el Gobierno<\/strong><\/p>\n<p>Entre esas reformas pendientes merece un cap\u00edtulo especial los cambios que el gobierno pretender\u00e1 introducir en materia previsional. &#8220;El sistema jubilatorio es inviable, hay que hacer grandes cambios, y empezar a tener algo sostenible&#8221;, explica. Uno de los principales cambios que se impulsar\u00eda es subir la edad jubilatoria, lo cual se espera generar\u00e1 fuertes resistencias. Tambi\u00e9n encarar una revisi\u00f3n a fondos de los reg\u00edmenes especiales que tienen distintos sectores.<\/p>\n<p>En el Gobierno dicen que algunos se justifican, por las caracter\u00edsticas del trabajo en s\u00ed y el desgaste f\u00edsico que provoca -como los recolectores de residuos-, pero sostiene que otros no se justifican, y ponen de ejemplo el r\u00e9gimen de los maestros, justamente donde se encuentra el sindicato m\u00e1s kirchnerista, liderado por Roberto Baradel. Milei sostiene que si se suprimieran los reg\u00edmenes de privilegio se podr\u00eda triplicar la jubilaci\u00f3n m\u00ednima hasta rondar los $800 mil.<\/p>\n<p>Varios sectores, como los trabajadores de la construcci\u00f3n, docentes, investigadores, del Poder Judicial y del Servicio Exterior, entre otros, tienen reg\u00edmenes especiales que les permiten jubilarse con requisitos de edad y a\u00f1os de servicio m\u00e1s bajos.<\/p>\n<p>Seg\u00fan los \u00faltimos datos de la ANSES (junio de 2024), hay unas 250.000 prestaciones correspondientes a estos reg\u00edmenes especiales, lo que representa el 3,4% de los beneficios contributivos, pero el 10,9% de las erogaciones, ya que sus haberes son considerablemente m\u00e1s altos que el promedio del r\u00e9gimen general. A mediados de este a\u00f1o, el haber promedio de los reg\u00edmenes especiales era de $1.037.000, mientras que en el r\u00e9gimen general era de $298.000.<\/p>\n<p>&nbsp;<\/p>\n<p><strong>Se eliminar\u00e1n privilegios pol\u00edticos<\/strong><\/p>\n<p>Adem\u00e1s, el Presidente asegura que entre las reformas que vienen se encuentra un cambio en el sistema de otorgamiento de pensiones por discapacidad. &#8220;Fue una herramienta de corrupci\u00f3n durante el kirchnerismo. Hay lugares con m\u00e1s pensiones que habitantes&#8221;, dispara. Y promete &#8220;eliminar privilegios de pol\u00edticos, empresas prebendarias y grupos de poder&#8221;.<\/p>\n<p>Seg\u00fan se especula, el Gobierno prev\u00e9 mantener el sistema de reparto, pero con la intenci\u00f3n de fomentar el desarrollo de seguros privados de retiro.<\/p>\n<p>Si se busca un sistema sostenible, es necesario aumentar el n\u00famero de trabajadores en blanco. Actualmente, la relaci\u00f3n de aportantes por jubilado es de 1,5 a 1, muy por debajo de los 3 trabajadores necesarios para asegurar la viabilidad a largo plazo del sistema.<\/p>\n<p>As\u00ed, el Gobierno buscar\u00e1 presentar en paralelo una reforma laboral destinada a incentivar la formalizaci\u00f3n del empleo. Se estima que el trabajo informal representa casi el 30% de la fuerza laboral.<\/p>\n<p>&nbsp;<\/p>\n<p><strong>Expectativa por la cadena nacional del 10 de diciembre<\/strong><\/p>\n<p>Con el objetivo de proyectar el 2025 y hablar de los &#8220;logros&#8221; de su gesti\u00f3n, Milei har\u00e1 otra cadena nacional, el 10 de diciembre, a un a\u00f1o exacto de su asunci\u00f3n en la Casa Rosada. El discurso destacar\u00e1 el esfuerzo realizado por la sociedad este a\u00f1o y cargar\u00e1 sobre la necesidad de avanzar con reformas de fondo. Estabilidad macroecon\u00f3mica, reducci\u00f3n de la brecha cambiaria, baja de la inflaci\u00f3n y super\u00e1vit fiscal ser\u00e1n algunos de los ejes que destacar\u00e1 en el primer tramo de su discurso. Luego llegar\u00e1 el turno de enumerar la necesidad de no detenerse en el proceso de reformas estructurales.<\/p>\n<p>Entre las reformas para el a\u00f1o pr\u00f3ximo, adem\u00e1s de la previsional se anota la tributaria. La pol\u00edtica de d\u00e9ficit cero (o mejor dicho super\u00e1vit) seguir\u00e1 siendo el pilar fundamental de la gesti\u00f3n gubernamental. Milei no est\u00e1 dispuesto a ceder en incrementar partidas, como reclaman algunos mandatarios provinciales.<\/p>\n<p>Y tambi\u00e9n se continuar\u00e1 con la reducci\u00f3n de personal en las reparticiones estatales. No se renovar\u00e1n contratos, as\u00ed como se pasar\u00e1 a retiro al personal en edad jubilatoria. Otro mecanismo para reducir personal se dar\u00e1 a partir de la eliminaci\u00f3n de \u00e1reas cuyas funciones ya no se requieran.<\/p>\n<p>&nbsp;<\/p>\n<p><strong>Qu\u00e9 pasa con la reforma tributaria<\/strong><\/p>\n<p>Las reformas incluyen las \u00e1reas impositiva, previsional, laboral y penal. En materia tributaria, se busca reducir a no m\u00e1s de diez la cantidad de impuestos. El proyecto se presentar\u00e1 a comienzos de marzo pr\u00f3ximo, y el eje ser\u00e1 la simplificaci\u00f3n del sistema impositivo.<\/p>\n<p>Actualmente existen 155 tipos de tributos en todo el pa\u00eds, seg\u00fan un estudio del Instituto Argentino de An\u00e1lisis Fiscal (IARAF), pero seis impuestos concentran el 83% de la recaudaci\u00f3n tributaria total de Argentina (IVA, Aportes y Contribuciones a la Seguridad Social, Ganancias, Ingresos Personales, D\u00e9bitos y Cr\u00e9ditos bancarios y Derechos de exportaci\u00f3n).<\/p>\n<p>El Gobierno tambi\u00e9n considera que cada provincia debe definir su pol\u00edtica tributaria. Aunque varias gobernaciones han aumentado los impuestos, la administraci\u00f3n de Milei sostiene que el mercado se encargar\u00e1 de penalizar esta decisi\u00f3n, trasladando las actividades hacia las regiones con menores cargas fiscales.<\/p>\n<p>Por lo pronto, Milei destac\u00f3 que 2025 ser\u00e1 &#8220;la primera vez que en el a\u00f1o electoral no se va a hacer pol\u00edtica monetaria ni fiscal. Se terminaron las posiciones tibias y est\u00e1 claro que, si tenemos que hacer algo, lo podemos hacer&#8221;.<\/p>\n<p>El Gobierno est\u00e1 convencido de que para avanzar el pa\u00eds necesita reformas estructurales<\/p>\n<p>En este intento de avanzar con reformas, ser\u00e1 clave qu\u00e9 ocurrir\u00e1 con Aerol\u00edneas Argentinas e Intercargo, dos de las compa\u00f1\u00edas que se buscar\u00e1 privatizar.<\/p>\n<p>El Gobierno est\u00e1 convencido de que para avanzar el pa\u00eds necesita reformas estructurales y garantizar la seguridad jur\u00eddica para atraer inversiones y aumentar la productividad.<\/p>\n<p>Considera que el exceso de regulaci\u00f3n, el poder de los sindicatos y de algunos sectores empresarios, juega en contra de estos objetivos.<\/p>\n<p>En l\u00ednea con el manual liberal, asegura que las empresas p\u00fablicas deficitarias producen falta de innovaci\u00f3n, mayores costos de bienes y servicios, menos competitividad y obst\u00e1culos para la creaci\u00f3n de nuevas empresas.\u00a0 Milei cree que la pelea es a todo o nada, y se prepara para darla en distintos frentes el a\u00f1o pr\u00f3ximo.<\/p>\n","protected":false},"excerpt":{"rendered":"<p>El Presidente pretende aprovechar el alto nivel de imagen positiva que a\u00fan mantiene para encarar m\u00faltiples reformas en los pr\u00f3ximos meses &nbsp; &nbsp; &#8220;La econom\u00eda est\u00e1 en un momento floreciente y eso se sostiene con reformas de largo plazo&#8221;. La frase pronunciada en los \u00faltimos d\u00edas por el presidente Javier Milei refleja en qu\u00e9 est\u00e1 pensando el libertario para lo que resta de su gobierno, y en especial para el 2025. Pretende aprovechar el alto nivel de imagen positiva que a\u00fan mantiene para encarar m\u00faltiples reformas en los pr\u00f3ximos meses,&#8230;<\/p>\n","protected":false},"author":3,"featured_media":122330,"comment_status":"closed","ping_status":"closed","sticky":false,"template":"","format":"standard","meta":[],"categories":[9],"tags":[],"_links":{"self":[{"href":"https:\/\/www.actualidadadiario.com\/index.php\/wp-json\/wp\/v2\/posts\/123590"}],"collection":[{"href":"https:\/\/www.actualidadadiario.com\/index.php\/wp-json\/wp\/v2\/posts"}],"about":[{"href":"https:\/\/www.actualidadadiario.com\/index.php\/wp-json\/wp\/v2\/types\/post"}],"author":[{"embeddable":true,"href":"https:\/\/www.actualidadadiario.com\/index.php\/wp-json\/wp\/v2\/users\/3"}],"replies":[{"embeddable":true,"href":"https:\/\/www.actualidadadiario.com\/index.php\/wp-json\/wp\/v2\/comments?post=123590"}],"version-history":[{"count":2,"href":"https:\/\/www.actualidadadiario.com\/index.php\/wp-json\/wp\/v2\/posts\/123590\/revisions"}],"predecessor-version":[{"id":123592,"href":"https:\/\/www.actualidadadiario.com\/index.php\/wp-json\/wp\/v2\/posts\/123590\/revisions\/123592"}],"wp:featuredmedia":[{"embeddable":true,"href":"https:\/\/www.actualidadadiario.com\/index.php\/wp-json\/wp\/v2\/media\/122330"}],"wp:attachment":[{"href":"https:\/\/www.actualidadadiario.com\/index.php\/wp-json\/wp\/v2\/media?parent=123590"}],"wp:term":[{"taxonomy":"category","embeddable":true,"href":"https:\/\/www.actualidadadiario.com\/index.php\/wp-json\/wp\/v2\/categories?post=123590"},{"taxonomy":"post_tag","embeddable":true,"href":"https:\/\/www.actualidadadiario.com\/index.php\/wp-json\/wp\/v2\/tags?post=123590"}],"curies":[{"name":"wp","href":"https:\/\/api.w.org\/{rel}","templated":true}]}}