{"id":123565,"date":"2024-12-09T10:38:56","date_gmt":"2024-12-09T13:38:56","guid":{"rendered":"https:\/\/www.actualidadadiario.com\/?p=123565"},"modified":"2024-12-09T10:38:56","modified_gmt":"2024-12-09T13:38:56","slug":"tres-hermanos-buscan-una-familia-adoptiva","status":"publish","type":"post","link":"https:\/\/www.actualidadadiario.com\/index.php\/2024\/12\/09\/tres-hermanos-buscan-una-familia-adoptiva\/","title":{"rendered":"Tres hermanos buscan una familia adoptiva"},"content":{"rendered":"<p style=\"text-align: center;\"><em><strong>Se trata de una ni\u00f1a de 9 a\u00f1os, un ni\u00f1o de 4 a\u00f1os y un ni\u00f1o 2 a\u00f1os que esperan ser adoptados por una familia. En la informaci\u00f3n se destac\u00f3 que los ni\u00f1os \u201cdesean y esperan que una familia pueda ahijarlos\/as juntos\/as, ya que son muy unidos entre s\u00ed. Ellos\/as ofrecen ternura y se disponen a recibirla de la familia que esperan\u201d. Los hermanitos se caracterizan por ser ni\u00f1os\/as unidos, vitales, expresivos, respetuosos, afectuosos. Qu\u00e9 es el Registro \u00danico de Aspirantes a Guardas con Fines Adoptivos<\/strong><\/em><\/p>\n<p>&nbsp;<\/p>\n<p>&nbsp;<\/p>\n<p>El Servicio de Informaci\u00f3n y Comunicaci\u00f3n (SIC) del Poder Judicial de Entre R\u00edos inform\u00f3 este lunes que el Juzgado de Familia N\u00b0 4 de Paran\u00e1 y el Registro \u00danico de Aspirantes a Guardas con Fines Adoptivos de Entre R\u00edos (Ruaer), convocan a personas residentes y a familias domiciliadas en la provincia, con disponibilidad para integrar por adopci\u00f3n a tres hermanos\/as.<\/p>\n<p>&nbsp;<\/p>\n<p><strong>Unidos<\/strong><\/p>\n<p>Se trata de una ni\u00f1a de 9 a\u00f1os, un ni\u00f1o de 4 a\u00f1os y un ni\u00f1o 2 a\u00f1os que desean y esperan que una familia pueda ahijarlos\/as juntos\/as, ya que son muy unidos entre s\u00ed. Ellos\/as ofrecen ternura y se disponen a recibirla de la familia que esperan.<\/p>\n<p>En el comunicado se precis\u00f3 que quienes manifiesten su motivaci\u00f3n para el presente caso ser\u00e1n convocados\/as para profundizar sobre la situaci\u00f3n. En esta instancia pueden inscribirse tanto personas que tengan un tr\u00e1mite iniciado ante el Ruaer, como aquellas que no.<\/p>\n<p>De los hermanitos se resalt\u00f3 que se caracterizan por ser ni\u00f1os\/as unidos, vitales, expresivos, respetuosos, afectuosos. Les gusta y participan con entusiasmo en actividades escolares y l\u00fadicas. Uno de ellos recibe apoyos para algunas actividades cotidianas, necesidades y autonom\u00eda por su discapacidad; actualmente camina,\u00a0 interact\u00faa y se comunica con un lenguaje no verbal.<\/p>\n<p>Las inscripciones deber\u00e1n realizarse completando el siguiente formulario, hasta el 16 de diciembre de 2024, inclusive: https:\/\/forms.gle\/bWJJYjtYqtCzXc9W7<\/p>\n<p>Por dudas o consultas comunicarse v\u00eda whatsapp al 343 5 329475 o al correo electr\u00f3nico: ruaer@jusentrerios.gov.ar<\/p>\n<p>&nbsp;<\/p>\n<p><strong>Ruaer<\/strong><\/p>\n<p>Es una organismo que garantiza el tratamiento homog\u00e9neo e igualitario en todo el territorio provincial de las gestiones requeridas para quienes pretenden adoptar ni\u00f1os\/as y\/o adolescentes, siempre que re\u00fanan los requisitos dispuestos en el C\u00f3digo Civil y Comercial de la Naci\u00f3n, la Ley N\u00ba 9.985 de la Provincia de Entre R\u00edos y normas complementarias<\/p>\n<p>&nbsp;<\/p>\n<p><strong>\u00bfCu\u00e1les son sus funciones?<\/strong><\/p>\n<p>-Gestionar, registrar y actualizar la informaci\u00f3n sobre la lista \u00fanica de aspirantes a guardas con fines adoptivos de todo el territorio provincial.<\/p>\n<p>\u2013 Efectuar a trav\u00e9s de un equipo interdisciplinario la evaluaci\u00f3n y un acompa\u00f1amiento profesional a quienes pretenden adoptar.<\/p>\n<p>\u2013 Comunicar al Registro \u00danico Nacional de Aspirantes a Guarda con fines adoptivos del Ministerio de Justicia y Derechos Humanos de la Naci\u00f3n el resultado de las evaluaciones realizadas a los fines de conformar la Red Federal de Registros.<\/p>\n<p>\u2013 Asesorar y acompa\u00f1ar a las personas interesadas en adoptar; considerando que \u00e9ste es un proceso comprometido y responsable.<\/p>\n<p>\u2013 Ofrecer espacios permanentes de consulta sobre el tr\u00e1mite de inscripci\u00f3n, y peri\u00f3dicamente bajo la modalidad de talleres de reflexi\u00f3n destinados a la contenci\u00f3n y elaboraci\u00f3n de situaciones complejas durante la guarda.<\/p>\n<p>\u2013 Elaborar y mantener actualizado el listado de ni\u00f1os, ni\u00f1as y adolescentes declarados en adoptabilidad en la Provincia de Entre R\u00edos.<\/p>\n<p>\u2013 Llevar a cabo el proceso de b\u00fasqueda de familia\/s con disponibilidad para ser guardadoras de ni\u00f1os, ni\u00f1as o adolescentes declarados\/as en situaci\u00f3n de adoptabilidad, a fin de ser puestas en estudio del Juzgado competente.<\/p>\n<p>\u2013 Intervenir en los procesos de vinculaci\u00f3n y guarda con fines adoptivos cuando as\u00ed lo disponen los Juzgados con competencia en el Fuero de Familia y de acuerdo a lo previsto en la normativa procesal aplicable.<\/p>\n<p>\u2013 Registrar y archivar copias de las sentencias dictadas en procesos de adopci\u00f3n de la Provincia de Entre R\u00edos a fin de resguardar la informaci\u00f3n referente a los datos de origen de las personas adoptadas.<\/p>\n","protected":false},"excerpt":{"rendered":"<p>Se trata de una ni\u00f1a de 9 a\u00f1os, un ni\u00f1o de 4 a\u00f1os y un ni\u00f1o 2 a\u00f1os que esperan ser adoptados por una familia. En la informaci\u00f3n se destac\u00f3 que los ni\u00f1os \u201cdesean y esperan que una familia pueda ahijarlos\/as juntos\/as, ya que son muy unidos entre s\u00ed. Ellos\/as ofrecen ternura y se disponen a recibirla de la familia que esperan\u201d. Los hermanitos se caracterizan por ser ni\u00f1os\/as unidos, vitales, expresivos, respetuosos, afectuosos. Qu\u00e9 es el Registro \u00danico de Aspirantes a Guardas con Fines Adoptivos &nbsp; &nbsp; El Servicio&#8230;<\/p>\n","protected":false},"author":3,"featured_media":123566,"comment_status":"closed","ping_status":"closed","sticky":false,"template":"","format":"standard","meta":[],"categories":[15],"tags":[],"_links":{"self":[{"href":"https:\/\/www.actualidadadiario.com\/index.php\/wp-json\/wp\/v2\/posts\/123565"}],"collection":[{"href":"https:\/\/www.actualidadadiario.com\/index.php\/wp-json\/wp\/v2\/posts"}],"about":[{"href":"https:\/\/www.actualidadadiario.com\/index.php\/wp-json\/wp\/v2\/types\/post"}],"author":[{"embeddable":true,"href":"https:\/\/www.actualidadadiario.com\/index.php\/wp-json\/wp\/v2\/users\/3"}],"replies":[{"embeddable":true,"href":"https:\/\/www.actualidadadiario.com\/index.php\/wp-json\/wp\/v2\/comments?post=123565"}],"version-history":[{"count":1,"href":"https:\/\/www.actualidadadiario.com\/index.php\/wp-json\/wp\/v2\/posts\/123565\/revisions"}],"predecessor-version":[{"id":123567,"href":"https:\/\/www.actualidadadiario.com\/index.php\/wp-json\/wp\/v2\/posts\/123565\/revisions\/123567"}],"wp:featuredmedia":[{"embeddable":true,"href":"https:\/\/www.actualidadadiario.com\/index.php\/wp-json\/wp\/v2\/media\/123566"}],"wp:attachment":[{"href":"https:\/\/www.actualidadadiario.com\/index.php\/wp-json\/wp\/v2\/media?parent=123565"}],"wp:term":[{"taxonomy":"category","embeddable":true,"href":"https:\/\/www.actualidadadiario.com\/index.php\/wp-json\/wp\/v2\/categories?post=123565"},{"taxonomy":"post_tag","embeddable":true,"href":"https:\/\/www.actualidadadiario.com\/index.php\/wp-json\/wp\/v2\/tags?post=123565"}],"curies":[{"name":"wp","href":"https:\/\/api.w.org\/{rel}","templated":true}]}}