{"id":123563,"date":"2024-12-09T10:37:31","date_gmt":"2024-12-09T13:37:31","guid":{"rendered":"https:\/\/www.actualidadadiario.com\/?p=123563"},"modified":"2024-12-09T10:37:31","modified_gmt":"2024-12-09T13:37:31","slug":"continua-la-paritaria-estatal-el-gobierno-presenta-hoy-una-oferta-salarial","status":"publish","type":"post","link":"https:\/\/www.actualidadadiario.com\/index.php\/2024\/12\/09\/continua-la-paritaria-estatal-el-gobierno-presenta-hoy-una-oferta-salarial\/","title":{"rendered":"Contin\u00faa la paritaria estatal: El Gobierno presenta hoy una oferta salarial"},"content":{"rendered":"<p style=\"text-align: center;\"><em><strong>Este lunes en la Secretar\u00eda de Trabajo de la provincia, continuar\u00e1n las negociaciones entre el Gobierno provincial y los sindicatos estatales ATE y UPCN, oportunidad en que el Ejecutivo provincial presentar\u00e1 una propuesta salarial<\/strong><\/em><\/p>\n<p>&nbsp;<\/p>\n<p>&nbsp;<\/p>\n<p>La paritaria salarial se reanud\u00f3 el mi\u00e9rcoles pasado, cuando la Uni\u00f3n del Personal Civil de la Naci\u00f3n (UPCN) y la Asociaci\u00f3n de los Trabajadores del Estado (ATE) expresaron sus demandas ante los representantes de la Provincia, encabezados por el jefe de gabinete del Ministerio. de Gobierno y Trabajo, Abelardo Del Prado.<\/p>\n<p>Finalizada esa audiencia, el funcionario coment\u00f3 que se escucharon los aportes de los gremios y destac\u00f3 el di\u00e1logo y el compromiso con los trabajadores por parte de esta gesti\u00f3n. Asegur\u00f3 que el Gobierno busca \u201cllevar tranquilidad en el mes de diciembre porque tiende a ser dif\u00edcil respecto a las condiciones salariales y laborales\u201d.<\/p>\n<p>Aclar\u00f3 adem\u00e1s por qu\u00e9 no se present\u00f3 una propuesta salarial en esa oportunidad: A diferencia de otras veces, este fue un encuentro previo para escuchar las demandas de los gremios porque siempre hacemos una propuesta integral, esta vez la hicimos con m\u00e1s tiempo para evitar problemas en el cierre de la liquidaci\u00f3n\u201d.<\/p>\n<p>&nbsp;<\/p>\n<p><strong>La postura de los gremios<\/strong><\/p>\n<p>\u201cQue estamos hablando de salarios en diciembre ya es importante\u201d, destac\u00f3 en ese momento la secretar\u00eda adjunta de UPCN, Carina Dom\u00ednguez.<\/p>\n<p>Asimismo, coment\u00f3 algunos de los puntos solicitados por UPCN, como la base de c\u00e1lculo y que sea remunerativa la suma fija de 40 mil pesos que se actualiza con el IPC. \u201cNo tenemos dudas de que esta suma debe continuar\u201d, dijo, y apunt\u00f3 que \u201cen caso de que no sea remunerativa, pedimos que vaya, porcentualmente, una parte al aguinaldo, para que sea salario real\u201d.<\/p>\n<p>Tambi\u00e9n se\u00f1al\u00f3 que el reconocimiento de la inflaci\u00f3n \u201cdebe ser la base de cualquier propuesta salarial\u201d y que la pauta se deber\u00e1 conformar \u201ccon algunas alternativas, como porcentajes generales que logren revisar el achatamiento que tiene el escalaf\u00f3n, por un lado, y por el otro, temas sectoriales en algunas \u00e1reas del gobierno como salud, Copnaf y comedores\u201d.<\/p>\n<p>Durante el encuentro UPCN solicit\u00f3 mayores precisiones respecto al anuncio del Gobierno provincial de eliminar los contratos de obra y realizar concursos en la administraci\u00f3n p\u00fablica para ingresar.<\/p>\n<p>Por su parte, ATE plante\u00f3 el blanqueo del bono de 40 mil pesos para que llegue a jubilados. Anunci\u00f3 adem\u00e1s que pedir\u00e1 el recupero del noviembre y diciembre del 2023 y propuesta para los dos primeros meses del 2025 modificando la base de c\u00e1lculo; y tambi\u00e9n solicitar\u00e1 aclaraciones sobre el contrato de obra y los concursos para ingresar.<\/p>\n<p>Por otra parte, solicitar\u00e1 aclaraciones sobre el pase a contratos temporales de los contratados de obra y la implementaci\u00f3n de los concursos para el ingreso. Durante el encuentro, ATE se\u00f1al\u00f3 que desde principios del a\u00f1o se vienen produciendo nuevas designaciones en contratos de servicios, principalmente en el Ministerio de Hacienda y Finanzas, \u201csin respetar criterios de antig\u00fcedad y dejando en contratos de obra a trabajadores de distintos ministerios y secretar\u00edas con m\u00e1s de 10 a\u00f1os de antig\u00fcedad\u201d. Por esa raz\u00f3n est\u00e1 llevando adelante un relevamiento provincial entre sus afiliados y trabajadores en general.<\/p>\n<p>Asimismo, reclamar\u00e1 una actualizaci\u00f3n del monto de las Asignaciones Familiares y del c\u00f3digo de sueldo 272. Tambi\u00e9n, un reconocimiento salarial a las y los trabajadores que obtengan un posgrado universitario y la reglamentaci\u00f3n del R\u00e9gimen Jur\u00eddico B\u00e1sico y Convenio Colectivo de Trabajo.<\/p>\n","protected":false},"excerpt":{"rendered":"<p>Este lunes en la Secretar\u00eda de Trabajo de la provincia, continuar\u00e1n las negociaciones entre el Gobierno provincial y los sindicatos estatales ATE y UPCN, oportunidad en que el Ejecutivo provincial presentar\u00e1 una propuesta salarial &nbsp; &nbsp; La paritaria salarial se reanud\u00f3 el mi\u00e9rcoles pasado, cuando la Uni\u00f3n del Personal Civil de la Naci\u00f3n (UPCN) y la Asociaci\u00f3n de los Trabajadores del Estado (ATE) expresaron sus demandas ante los representantes de la Provincia, encabezados por el jefe de gabinete del Ministerio. de Gobierno y Trabajo, Abelardo Del Prado. Finalizada esa audiencia,&#8230;<\/p>\n","protected":false},"author":3,"featured_media":122466,"comment_status":"closed","ping_status":"closed","sticky":false,"template":"","format":"standard","meta":[],"categories":[15],"tags":[],"_links":{"self":[{"href":"https:\/\/www.actualidadadiario.com\/index.php\/wp-json\/wp\/v2\/posts\/123563"}],"collection":[{"href":"https:\/\/www.actualidadadiario.com\/index.php\/wp-json\/wp\/v2\/posts"}],"about":[{"href":"https:\/\/www.actualidadadiario.com\/index.php\/wp-json\/wp\/v2\/types\/post"}],"author":[{"embeddable":true,"href":"https:\/\/www.actualidadadiario.com\/index.php\/wp-json\/wp\/v2\/users\/3"}],"replies":[{"embeddable":true,"href":"https:\/\/www.actualidadadiario.com\/index.php\/wp-json\/wp\/v2\/comments?post=123563"}],"version-history":[{"count":1,"href":"https:\/\/www.actualidadadiario.com\/index.php\/wp-json\/wp\/v2\/posts\/123563\/revisions"}],"predecessor-version":[{"id":123564,"href":"https:\/\/www.actualidadadiario.com\/index.php\/wp-json\/wp\/v2\/posts\/123563\/revisions\/123564"}],"wp:featuredmedia":[{"embeddable":true,"href":"https:\/\/www.actualidadadiario.com\/index.php\/wp-json\/wp\/v2\/media\/122466"}],"wp:attachment":[{"href":"https:\/\/www.actualidadadiario.com\/index.php\/wp-json\/wp\/v2\/media?parent=123563"}],"wp:term":[{"taxonomy":"category","embeddable":true,"href":"https:\/\/www.actualidadadiario.com\/index.php\/wp-json\/wp\/v2\/categories?post=123563"},{"taxonomy":"post_tag","embeddable":true,"href":"https:\/\/www.actualidadadiario.com\/index.php\/wp-json\/wp\/v2\/tags?post=123563"}],"curies":[{"name":"wp","href":"https:\/\/api.w.org\/{rel}","templated":true}]}}