{"id":123552,"date":"2024-12-09T10:32:29","date_gmt":"2024-12-09T13:32:29","guid":{"rendered":"https:\/\/www.actualidadadiario.com\/?p=123552"},"modified":"2024-12-09T10:32:29","modified_gmt":"2024-12-09T13:32:29","slug":"arranca-una-semana-determinante-para-el-futuro-de-kueider-en-el-senado-de-la-nacion","status":"publish","type":"post","link":"https:\/\/www.actualidadadiario.com\/index.php\/2024\/12\/09\/arranca-una-semana-determinante-para-el-futuro-de-kueider-en-el-senado-de-la-nacion\/","title":{"rendered":"Arranca una semana determinante para el futuro de Kueider en el Senado de la Naci\u00f3n"},"content":{"rendered":"<p style=\"text-align: center;\"><em><strong>El kirchnerismo busca remover al entrerriano para recuperar una banca en el Senado. Pidi\u00f3 una sesi\u00f3n para el jueves, pero todav\u00eda est\u00e1 lejos de la mayor\u00eda para llegar al debate<\/strong><\/em><\/p>\n<p>&nbsp;<\/p>\n<p>&nbsp;<\/p>\n<p>Un art\u00edculo del sitio Infobae apunta que en el congreso se transita un escenario de extrema tensi\u00f3n, ya que el Senado tendr\u00e1 -desde este lunes- un raid de 48 horas para definir el futuro del legislador del peronismo Edgardo Kueider, detenido desde la semana pasada en Paraguay junto a su secretaria y m\u00e1s de USD 200.000 ocultos en una mochila. Reclama su expulsi\u00f3n el kirchnerismo, que busca dejar esa banca a una dirigente de La C\u00e1mpora.<\/p>\n<p>\u201cLo que ocurri\u00f3 es un papel\u00f3n y un esc\u00e1ndalo, pero tampoco podemos subirnos al carro del kirchnerismo para regalarles una banca. Ellos defendieron y sostuvieron en el Senado a violadores como -el ex senador y ex gobernador tucumano, Jos\u00e9- Alperovich y tienen a propios con expedientes dando vueltas. Ahora reclaman rapidez, pero el doble conforme de Ficha Limpia les parece exagerado. Supongo que a Cristina Kirchner, con su situaci\u00f3n penal actual y la eventual que se le sume, le impedir\u00e1n ser candidata en 2025\u2033, deslizaron anoche a Infobae desde un despacho oficialista.<\/p>\n<p>En medio de la indignaci\u00f3n y sorpresa que gener\u00f3 en un sector del Congreso, la vicepresidenta y titular de la C\u00e1mara alta, Victoria Villarruel, tendr\u00e1 la dif\u00edcil tarea de escanear entre los diferentes bloques las posturas. Cualquier decisi\u00f3n tendr\u00e1 un fuerte impacto, sin importar el camino a seguir. Por ello el tiempo que se tomar\u00e1n los espacios, entre hoy y ma\u00f1ana, para salir del delicado embrollo. En medio del nerviosismo por lo ocurrido, hay senadores que aprovechar\u00e1n la ocasi\u00f3n para recuperar terreno perdido, tras sugestivas semanas fuera del radar. All\u00ed se ubican algunos radicales.<\/p>\n<p>En tanto, desde el PRO, un ofuscado Luis Juez adelant\u00f3 que el macrismo se reunir\u00e1 ma\u00f1ana, desde las 15, para encontrar un sendero. Por las dudas, el cordob\u00e9s ya jug\u00f3 por su cuenta y, de manera personal, se\u00f1al\u00f3 en declaraciones televisivas que no sabe si tiene ganas de \u201cseguir compartiendo techo con Kueider\u201d y que \u201cuno de los dos est\u00e1 de m\u00e1s\u201d. \u201cNos ensuci\u00f3 a todos\u201d, agreg\u00f3, y dej\u00f3 en claro que ten\u00eda \u201cninguna duda\u201d en cuanto a una eventual remoci\u00f3n.<\/p>\n<p>Kueider lleg\u00f3 a la C\u00e1mara alta en 2019 con la boleta del kirchnerismo, se separ\u00f3 en febrero de 2023, enojado con Alberto Fern\u00e1ndez y el cristinismo. Meses atr\u00e1s se meti\u00f3 en el interbloque Provincias Unidas, de inobjetables contactos con el Gobierno. Por caso, funcionarios y asesores de primera l\u00ednea -como el jefe de Gabinete, Guillermo Francos- recibieron a los cinco de dicha bancada en Casa Rosada, en octubre pasado.<\/p>\n<p>\u00bfPor qu\u00e9 el kirchnerismo solicita una expulsi\u00f3n expr\u00e9s? Si el entrerriano abandona la C\u00e1mara alta, su reemplazo ser\u00e1 la actual diputada provincial y referente camporista Stefan\u00eda Cora. De esa manera, el cristinismo senatorial, que comanda Jos\u00e9 Mayans, pasar\u00eda de 33 a 34 legisladores. A tres de recuperar el quorum y la mayor\u00eda propia. Del otro lado quedar\u00e1 un disminuido oficialismo y una serpenteante oposici\u00f3n dialoguista con 37, ya que el radical V\u00edctor Zimmermann estir\u00f3 su licencia por un cargo en Chaco hasta finales de febrero pr\u00f3ximo.<\/p>\n<p>Mientras el Gobierno a\u00fan analiza qu\u00e9 hacer en relaci\u00f3n con este tema -confunde hasta los propios-, un potencial aterrizaje de la remoci\u00f3n de Kueider en el recinto del Senado precisar\u00e1 quorum, dos tercios para habilitar la discusi\u00f3n sobre tablas -no tiene dictamen de la comisi\u00f3n de Asuntos Constitucionales, que el entrerriano preside- y la misma mayor\u00eda especial para un potencial mazazo definitivo.<\/p>\n<p>Las dudas de varios legisladores, sin importar el signo pol\u00edtico -incluido el ahora ofendido kirchnerismo-, es la activaci\u00f3n de una bola de nieve con el episodio Kueider que aumentar\u00eda de volumen con el correr de los d\u00edas y una lupa estricta sobre todos los senadores que hayan tenido alg\u00fan contacto, vigente o no, con la justicia. Es decir, algo que despu\u00e9s no frenar\u00eda. Los titiriteros del poder no s\u00f3lo piensan en esto, sino tambi\u00e9n en c\u00f3mo convertir una complejidad en beneficio a mediano y largo plazo.<\/p>\n","protected":false},"excerpt":{"rendered":"<p>El kirchnerismo busca remover al entrerriano para recuperar una banca en el Senado. Pidi\u00f3 una sesi\u00f3n para el jueves, pero todav\u00eda est\u00e1 lejos de la mayor\u00eda para llegar al debate &nbsp; &nbsp; Un art\u00edculo del sitio Infobae apunta que en el congreso se transita un escenario de extrema tensi\u00f3n, ya que el Senado tendr\u00e1 -desde este lunes- un raid de 48 horas para definir el futuro del legislador del peronismo Edgardo Kueider, detenido desde la semana pasada en Paraguay junto a su secretaria y m\u00e1s de USD 200.000 ocultos en&#8230;<\/p>\n","protected":false},"author":3,"featured_media":123530,"comment_status":"closed","ping_status":"closed","sticky":false,"template":"","format":"standard","meta":[],"categories":[9],"tags":[],"_links":{"self":[{"href":"https:\/\/www.actualidadadiario.com\/index.php\/wp-json\/wp\/v2\/posts\/123552"}],"collection":[{"href":"https:\/\/www.actualidadadiario.com\/index.php\/wp-json\/wp\/v2\/posts"}],"about":[{"href":"https:\/\/www.actualidadadiario.com\/index.php\/wp-json\/wp\/v2\/types\/post"}],"author":[{"embeddable":true,"href":"https:\/\/www.actualidadadiario.com\/index.php\/wp-json\/wp\/v2\/users\/3"}],"replies":[{"embeddable":true,"href":"https:\/\/www.actualidadadiario.com\/index.php\/wp-json\/wp\/v2\/comments?post=123552"}],"version-history":[{"count":1,"href":"https:\/\/www.actualidadadiario.com\/index.php\/wp-json\/wp\/v2\/posts\/123552\/revisions"}],"predecessor-version":[{"id":123553,"href":"https:\/\/www.actualidadadiario.com\/index.php\/wp-json\/wp\/v2\/posts\/123552\/revisions\/123553"}],"wp:featuredmedia":[{"embeddable":true,"href":"https:\/\/www.actualidadadiario.com\/index.php\/wp-json\/wp\/v2\/media\/123530"}],"wp:attachment":[{"href":"https:\/\/www.actualidadadiario.com\/index.php\/wp-json\/wp\/v2\/media?parent=123552"}],"wp:term":[{"taxonomy":"category","embeddable":true,"href":"https:\/\/www.actualidadadiario.com\/index.php\/wp-json\/wp\/v2\/categories?post=123552"},{"taxonomy":"post_tag","embeddable":true,"href":"https:\/\/www.actualidadadiario.com\/index.php\/wp-json\/wp\/v2\/tags?post=123552"}],"curies":[{"name":"wp","href":"https:\/\/api.w.org\/{rel}","templated":true}]}}