{"id":123547,"date":"2024-12-06T17:00:13","date_gmt":"2024-12-06T20:00:13","guid":{"rendered":"https:\/\/www.actualidadadiario.com\/?p=123547"},"modified":"2024-12-06T17:00:13","modified_gmt":"2024-12-06T20:00:13","slug":"ceremonia-de-reapertura-de-notre-dame-que-lideres-mundiales-se-reunen-en-paris","status":"publish","type":"post","link":"https:\/\/www.actualidadadiario.com\/index.php\/2024\/12\/06\/ceremonia-de-reapertura-de-notre-dame-que-lideres-mundiales-se-reunen-en-paris\/","title":{"rendered":"Ceremonia de reapertura de Notre Dame: qu\u00e9 l\u00edderes mundiales se re\u00fanen en Par\u00eds"},"content":{"rendered":"<p style=\"text-align: center;\"><em><strong>El domingo podr\u00e1n ingresar los fieles, tras los actos oficiales, en la denominada &#8220;octava de reapertura&#8221;<\/strong><\/em><\/p>\n<p>&nbsp;<\/p>\n<p>&nbsp;<\/p>\n<p>La catedral de Notre Dame reabrir\u00e1 este s\u00e1bado sus puertas para acoger a decenas de l\u00edderes procedentes de todo el mundo en el marco de una acto ceremonial presidido por el arzobispo de Par\u00eds, Laurent Ulrich, cinco a\u00f1os despu\u00e9s de que se produjera el tr\u00e1gico incendio.<\/p>\n<p>All\u00ed estar\u00e1 tambi\u00e9n el presidente de Francia, Emmanuel Macron, pero compartir\u00e1 escenario con Donald Trump, el mandatario recientemente electo en los Estados Unidos y Jill Biden, la actual primera dama de aquel pa\u00eds.<\/p>\n<p>Se estimaba en un centenar la cantidad de referentes de todo el mundo que asistir\u00e1, aunque un gran ausente ser\u00e1 el Santo Padre de la Iglesia Cat\u00f3lica, Francisco.<\/p>\n<p>La tarde del 15 de abril de 2019, las llamas se apoderaron de este magn\u00edfico edificio del siglo XII, cuya construcci\u00f3n dur\u00f3 m\u00e1s de 200 a\u00f1os.<\/p>\n<p>Como Francia est\u00e1 sumida en la incertidumbre pol\u00edtica tras la dimisi\u00f3n forzada del primer Ministro Michel Barnier, se organiz\u00f3 un imponente operativo de seguridad.<\/p>\n<p>Ulrich hablar\u00e1 en lo que se considera la resurrecci\u00f3n de la catedral tras cinco a\u00f1os de restauraci\u00f3n y tambi\u00e9n se escuchar\u00e1 la palabra de Macron.<\/p>\n<p>El domingo 8 de diciembre de 2024 se celebrar\u00e1 la primera misa en la catedral restaurada, que tendr\u00e1 como punto culminante la consagraci\u00f3n del altar mayor. Entonces, podr\u00e1n ingresar los fieles, tras los actos oficiales, en la denominada &#8220;octava de reapertura&#8221;.<\/p>\n<p>Este s\u00e1bado 7 de diciembre, Macron se dirigir\u00e1 a numerosos jefes de Estado y de gobierno, dignatarios, mecenas e invitados conjuntamente por el Estado y la di\u00f3cesis, junto a representantes de todas las parroquias parisinas, miembros del cabildo catedralicio y el clero de Par\u00eds.<\/p>\n<p>&nbsp;<\/p>\n<p><strong>Ritual de apertura<\/strong><\/p>\n<p>Durante el ritual de apertura de las puertas, el arzobispo golpear\u00e1 con su b\u00e1culo la puerta cerrada de Notre Dame de Par\u00eds, se informa en el sitio oficial de la catedral, que &#8220;responder\u00e1&#8221; cantando tres veces el Salmo 121. Tras a\u00f1os de silencio, la catedral volver\u00e1 a resonar con cantos de alabanza y, al tercer canto, las puertas se abrir\u00e1n.<\/p>\n<p>&nbsp;<\/p>\n<p><strong>Los detalles de una reconstrucci\u00f3n en tiempo r\u00e9cord<\/strong><\/p>\n<p>La catedral de Notre-Dame-de-Paris est\u00e1 iluminada por m\u00e1s de 120 techos de cristal que datan del siglo XIII al XX.\u00a0 Durante el incendio, la b\u00f3veda pudo cumplir su funci\u00f3n de escudo aislando m\u00e1s de 3.000 m\u00b2 de superficies de vidrio y los bomberos lograron controlar la acci\u00f3n del agua para preservar la totalidad de las vidrieras.<\/p>\n<p>Tambi\u00e9n fueron limpiados y se encontraron colores olvidados, destac\u00f3 el sitio RFI. Ese medio remarc\u00f3 que la restauraci\u00f3n se logr\u00f3 en tiempo r\u00e9cord.<\/p>\n<p>La flecha, que cay\u00f3 durante el incendio, est\u00e1 considerada una obra extraordinaria en s\u00ed misma. Las ocho campanas, dos de las cuales sufrieron el calor durante el incendio, tambi\u00e9n fueron restauradas y encontraron su lugar en el campanario norte de la catedral.<\/p>\n<p>Actualmente el interior luce luminoso tras las limpiezas de muros, b\u00f3vedas y decoraciones, que sacaron a relucir la luz el rubio de la piedra.<\/p>\n<p>El suelo recuper\u00f3 el brillo del damero blanco y negro y el mobiliario lit\u00fargico es ahora de bronce marr\u00f3n. El \u00f3rgano recuper\u00f3 su esplendor: cubiertos de polvo de plomo, sus 8.000 tubos fueron reensamblados uno por uno.<\/p>\n<p>&nbsp;<\/p>\n<p><strong>Un sistema contra los incendios<\/strong><\/p>\n<p>Tambi\u00e9n se instal\u00f3 un sistema para combatir &#8220;directamente&#8221; que evite la reproducci\u00f3n del escenario de 2019. S\u00f3lo la fase de reconstrucci\u00f3n de esta &#8220;obra del siglo&#8221; habr\u00e1 costado 550 millones de euros, procedentes de 846 millones de donaciones.<\/p>\n","protected":false},"excerpt":{"rendered":"<p>El domingo podr\u00e1n ingresar los fieles, tras los actos oficiales, en la denominada &#8220;octava de reapertura&#8221; &nbsp; &nbsp; La catedral de Notre Dame reabrir\u00e1 este s\u00e1bado sus puertas para acoger a decenas de l\u00edderes procedentes de todo el mundo en el marco de una acto ceremonial presidido por el arzobispo de Par\u00eds, Laurent Ulrich, cinco a\u00f1os despu\u00e9s de que se produjera el tr\u00e1gico incendio. All\u00ed estar\u00e1 tambi\u00e9n el presidente de Francia, Emmanuel Macron, pero compartir\u00e1 escenario con Donald Trump, el mandatario recientemente electo en los Estados Unidos y Jill Biden,&#8230;<\/p>\n","protected":false},"author":3,"featured_media":123548,"comment_status":"closed","ping_status":"closed","sticky":false,"template":"","format":"standard","meta":[],"categories":[4],"tags":[],"_links":{"self":[{"href":"https:\/\/www.actualidadadiario.com\/index.php\/wp-json\/wp\/v2\/posts\/123547"}],"collection":[{"href":"https:\/\/www.actualidadadiario.com\/index.php\/wp-json\/wp\/v2\/posts"}],"about":[{"href":"https:\/\/www.actualidadadiario.com\/index.php\/wp-json\/wp\/v2\/types\/post"}],"author":[{"embeddable":true,"href":"https:\/\/www.actualidadadiario.com\/index.php\/wp-json\/wp\/v2\/users\/3"}],"replies":[{"embeddable":true,"href":"https:\/\/www.actualidadadiario.com\/index.php\/wp-json\/wp\/v2\/comments?post=123547"}],"version-history":[{"count":1,"href":"https:\/\/www.actualidadadiario.com\/index.php\/wp-json\/wp\/v2\/posts\/123547\/revisions"}],"predecessor-version":[{"id":123549,"href":"https:\/\/www.actualidadadiario.com\/index.php\/wp-json\/wp\/v2\/posts\/123547\/revisions\/123549"}],"wp:featuredmedia":[{"embeddable":true,"href":"https:\/\/www.actualidadadiario.com\/index.php\/wp-json\/wp\/v2\/media\/123548"}],"wp:attachment":[{"href":"https:\/\/www.actualidadadiario.com\/index.php\/wp-json\/wp\/v2\/media?parent=123547"}],"wp:term":[{"taxonomy":"category","embeddable":true,"href":"https:\/\/www.actualidadadiario.com\/index.php\/wp-json\/wp\/v2\/categories?post=123547"},{"taxonomy":"post_tag","embeddable":true,"href":"https:\/\/www.actualidadadiario.com\/index.php\/wp-json\/wp\/v2\/tags?post=123547"}],"curies":[{"name":"wp","href":"https:\/\/api.w.org\/{rel}","templated":true}]}}