{"id":123538,"date":"2024-12-06T16:55:44","date_gmt":"2024-12-06T19:55:44","guid":{"rendered":"https:\/\/www.actualidadadiario.com\/?p=123538"},"modified":"2024-12-06T16:55:44","modified_gmt":"2024-12-06T19:55:44","slug":"parte-de-la-izquierda-francesa-aceptaria-un-pacto-de-gobierno-con-macron","status":"publish","type":"post","link":"https:\/\/www.actualidadadiario.com\/index.php\/2024\/12\/06\/parte-de-la-izquierda-francesa-aceptaria-un-pacto-de-gobierno-con-macron\/","title":{"rendered":"Parte de la izquierda francesa aceptar\u00eda un pacto de gobierno con Macron"},"content":{"rendered":"<p style=\"text-align: center;\"><em><strong>Los socialistas en el NFP se mostraron dispuestos a negociar si hay &#8220;concesiones rec\u00edprocas&#8221;<\/strong><\/em><\/p>\n<p>&nbsp;<\/p>\n<p>&nbsp;<\/p>\n<p>Olivier Faure, l l\u00edder del Partido Socialista franc\u00e9s y uno de los referentes de izquierda en ese pa\u00eds, se mostr\u00f3 dispuesto a negociar con los socios pol\u00edticos del presidente, Emmanuel Macron, si hay \u00abconcesiones rec\u00edprocas\u00bb, un matiz con respecto al posicionamiento de los \u00faltimos meses que llega en pleno debate sobre el nombramiento del pr\u00f3ximo primer ministro.<\/p>\n<p>Los socialistas forman parte del Nuevo Frente Popular (NFP), un frente com\u00fan constituido por la izquierda para aumentar sus opciones en las elecciones legislativas de julio y del que forman parte tambi\u00e9n La Francia Insumisa (LFI), Europa Ecolog\u00eda Los Verdes o el Partido Comunista.<\/p>\n<p>Hasta ahora, este bloque mantuvo una l\u00ednea cohesionada, pero Faure desliz\u00f3 este viernes en declaraciones a France Info que no rechaza de primeras los pactos con los socios de Macron. Entiende que hay margen para negociar con vistas a un futuro Gobierno \u00abde una duraci\u00f3n determinada\u00bb e incluye entre los posibles \u00abcompromisos\u00bb una cesi\u00f3n para aguantar la reforma de las pensiones.<\/p>\n<p>Tambi\u00e9n la alcaldesa de Par\u00eds, la socialista Anne Hidalgo, llam\u00f3 p\u00fablicamente a una alianza de \u00abresponsables republicanos\u00bb porque \u00abno merece la pena precipitarse hacia el caos\u00bb. Hidalgo, que no se presentar\u00e1 a la reelecci\u00f3n, espera que el pr\u00f3ximo primer ministro pueda ser alguien \u00abde centro-izquierda\u00bb, aunque descart\u00f3 postularse para el cargo.<\/p>\n<p>&nbsp;<\/p>\n<p><strong>Posible divisi\u00f3n en la izquierda<\/strong><\/p>\n<p>Faure fue convocado este viernes al El\u00edseo junto a los jefes de filas de los socialistas en la Asamblea Nacional y el Senado; invitaci\u00f3n que Macron no ha hecho extensible al resto de partidos del Nuevo Frente popular y que no ha gustado a sus socios.<\/p>\n<p>El diputado Eric Coquerel, de La Francia Insumisa, afirm\u00f3 que Macron demuestra que no busca \u00abuna gran coalici\u00f3n para un gobierno de inter\u00e9s nacional\u00bb, sino desunir a la izquierda y quitarse as\u00ed un \u00abobst\u00e1culo\u00bb en el camino. \u00abLos que se disponen a ayudar al macronismo a sobrevivir no pueden ignorarlo\u00bb, advirti\u00f3 en sus redes.<\/p>\n<p>\u00abAmigos socialistas, no se pierdan\u00bb, reclam\u00f3 en la misma l\u00ednea la diputada ecologista Sandrine Rousseau. La l\u00edder de su partido, Marine Tondelier, tambi\u00e9n ha se\u00f1alado este viernes en una entrevista en BFM TV que Macron quiere \u00abdividir a la izquierda\u00bb.<\/p>\n<p>El presidente abri\u00f3 una ronda de contactos que de nuevo vuelven a tener como principales protagonistas a la coalici\u00f3n Juntos por la Rep\u00fablica, cuyo pilar b\u00e1sico es el partido fundado por Macron, y a Los Republicanos, abanderados del centro-derecha cl\u00e1sico, sin que por ahora est\u00e9 claro cu\u00e1ndo se conocer\u00e1 el nombre de la persona que sustituir\u00e1 a Michel Barnier como jefe de Gobierno.<\/p>\n<p>Macron se ha limitado a decir que ser\u00e1 cuesti\u00f3n de \u00abd\u00edas\u00bb, no semanas. As\u00ed lo expuso el jueves en un discurso a la naci\u00f3n en horario de m\u00e1xima audiencia que congreg\u00f3 a 17,5 millones de espectadores, m\u00e1s del 76 por ciento de quienes en ese momento estaban viendo la televisi\u00f3n, seg\u00fan las cifras de M\u00e9diam\u00e9trie.<\/p>\n","protected":false},"excerpt":{"rendered":"<p>Los socialistas en el NFP se mostraron dispuestos a negociar si hay &#8220;concesiones rec\u00edprocas&#8221; &nbsp; &nbsp; Olivier Faure, l l\u00edder del Partido Socialista franc\u00e9s y uno de los referentes de izquierda en ese pa\u00eds, se mostr\u00f3 dispuesto a negociar con los socios pol\u00edticos del presidente, Emmanuel Macron, si hay \u00abconcesiones rec\u00edprocas\u00bb, un matiz con respecto al posicionamiento de los \u00faltimos meses que llega en pleno debate sobre el nombramiento del pr\u00f3ximo primer ministro. Los socialistas forman parte del Nuevo Frente Popular (NFP), un frente com\u00fan constituido por la izquierda para&#8230;<\/p>\n","protected":false},"author":3,"featured_media":123539,"comment_status":"closed","ping_status":"closed","sticky":false,"template":"","format":"standard","meta":[],"categories":[4],"tags":[],"_links":{"self":[{"href":"https:\/\/www.actualidadadiario.com\/index.php\/wp-json\/wp\/v2\/posts\/123538"}],"collection":[{"href":"https:\/\/www.actualidadadiario.com\/index.php\/wp-json\/wp\/v2\/posts"}],"about":[{"href":"https:\/\/www.actualidadadiario.com\/index.php\/wp-json\/wp\/v2\/types\/post"}],"author":[{"embeddable":true,"href":"https:\/\/www.actualidadadiario.com\/index.php\/wp-json\/wp\/v2\/users\/3"}],"replies":[{"embeddable":true,"href":"https:\/\/www.actualidadadiario.com\/index.php\/wp-json\/wp\/v2\/comments?post=123538"}],"version-history":[{"count":1,"href":"https:\/\/www.actualidadadiario.com\/index.php\/wp-json\/wp\/v2\/posts\/123538\/revisions"}],"predecessor-version":[{"id":123540,"href":"https:\/\/www.actualidadadiario.com\/index.php\/wp-json\/wp\/v2\/posts\/123538\/revisions\/123540"}],"wp:featuredmedia":[{"embeddable":true,"href":"https:\/\/www.actualidadadiario.com\/index.php\/wp-json\/wp\/v2\/media\/123539"}],"wp:attachment":[{"href":"https:\/\/www.actualidadadiario.com\/index.php\/wp-json\/wp\/v2\/media?parent=123538"}],"wp:term":[{"taxonomy":"category","embeddable":true,"href":"https:\/\/www.actualidadadiario.com\/index.php\/wp-json\/wp\/v2\/categories?post=123538"},{"taxonomy":"post_tag","embeddable":true,"href":"https:\/\/www.actualidadadiario.com\/index.php\/wp-json\/wp\/v2\/tags?post=123538"}],"curies":[{"name":"wp","href":"https:\/\/api.w.org\/{rel}","templated":true}]}}