{"id":123529,"date":"2024-12-06T16:02:15","date_gmt":"2024-12-06T19:02:15","guid":{"rendered":"https:\/\/www.actualidadadiario.com\/?p=123529"},"modified":"2024-12-06T16:02:15","modified_gmt":"2024-12-06T19:02:15","slug":"union-por-la-patria-presenta-pedido-de-sesion-en-el-senado-para-expulsar-a-kueider","status":"publish","type":"post","link":"https:\/\/www.actualidadadiario.com\/index.php\/2024\/12\/06\/union-por-la-patria-presenta-pedido-de-sesion-en-el-senado-para-expulsar-a-kueider\/","title":{"rendered":"Uni\u00f3n por la Patria presenta pedido de sesi\u00f3n en el Senado para expulsar a Kueider"},"content":{"rendered":"<p style=\"text-align: center;\"><em><strong>La autoconvocatoria est\u00e1 planteada para el jueves. El peronismo necesita dos tercios de los votos para destituir al entrerriano por &#8220;inhabilidad moral&#8221;. UP busca exponer a La Libertad Avanza<\/strong><\/em><\/p>\n<p>&nbsp;<\/p>\n<p>&nbsp;<\/p>\n<p>Uni\u00f3n por la Patria (UP) presentar\u00e1 este viernes un pedido de sesi\u00f3n en el Senado para el pr\u00f3ximo jueves para empujar la expulsi\u00f3n del cuerpo del entrerriano Edgardo Kueider por &#8220;inhabilidad moral&#8221;. El senador se encuentra con prisi\u00f3n domiciliaria en Paraguay (al igual que su secretaria Iara Guinsel Costa), imputado por tentativa de contrabando tras haber sido detenido en la frontera con m\u00e1s de u$s200 mil sin declarar.<\/p>\n<p>El senador que ingres\u00f3 a la c\u00e1mara Alta por la boleta del Frente de Todos en 2019 aunque luego se apart\u00f3 del peronismo y fue un aliado constante de La Libertad Avanza (LLA) durante todo este a\u00f1o, pidi\u00f3 licencia a su cargo. Con lo cual, el oficialismo perdi\u00f3 en los hechos un voto para las sesiones extraordinarias. Pero UP busca ahora la destituci\u00f3n de Kueider, ya que de ocurrir su salida ser\u00eda reemplazado por Stefania Cora, miembro de La C\u00e1mpora de Entre R\u00edos. Es decir, el interbloque peronista pasar\u00eda a tener una voluntad m\u00e1s para alcanzar las 34 bancas, a tres del qu\u00f3rum propio, que podr\u00eda alcanzar con aliados.<\/p>\n<p>\u201cVamos a pedir una sesi\u00f3n para expulsar a Kueider del cuerpo el pr\u00f3ximo\u201d, confirmaron desde el bloque en el Senado. El pedido ingresar\u00e1 este viernes. Indicaron que el fin de las sesiones ordinarias no ser\u00eda un escollo, ya que se trata de una cuesti\u00f3n interna del cuerpo. La autoconvocatoria del cuerpo requerir\u00e1 luego de una mayor\u00eda de dos tercios para concretar la expulsi\u00f3n. En el peronismo desconocen si llegar\u00e1n al n\u00famero, pero intentar\u00e1n hacer un careo con el oficialismo. &#8220;Queremos ver quienes lo apoyan. Est\u00e1 preso en Paraguay, lo agarraron in fraganti, es como los bolsos de L\u00f3pez&#8221;, dijeron desde la trinchera de UP.<\/p>\n<p>El reglamento del Senado tiene grises al respecto, pero el PJ interpreta que de conseguir las mayor\u00edas podr\u00eda avanzar. Otros senadores peronistas no ten\u00edan conocimiento del pedido de sesi\u00f3n y expresaron que lo que s\u00ed avanza es el pedido de resoluci\u00f3n que ingres\u00f3 hace dos d\u00edas, y que deber\u00eda tratarse en la Comisi\u00f3n de Asuntos Constitucionales que preside el propio Kueider. Aunque, en su licencia, su lugar podr\u00eda ser ocupado por la vicepresidenta de la comisi\u00f3n, la senadora tucumana Sandra Mendoza (Uni\u00f3n por la Patria).<\/p>\n<p>En tanto, desde la presidencia de la c\u00e1mara mencionaron a este medio: \u201cEl peronismo lo va a intentar porque les conviene pol\u00edticamente, podr\u00edan poner un voto, pero no creemos que vayan a tener \u00e9xito\u201d, dijeron colaboradores de Victoria Villarruel.<\/p>\n<p>En el extremo de no conseguir la remoci\u00f3n, la jugada le permitir\u00e1 a UP exponer a La Libertad Avanza, luego de los cruces entre ambos espacios, desentendi\u00e9ndose de la pertenencia pol\u00edtica del senador detenido en Paraguay. Para el oficialismo, \u201ces un problema del kirchnerismo\u201d como se\u00f1al\u00f3 el propio Javier Milei, con una orden de postear en redes la boleta de 2019, donde Kueider comparte lista con Alberto Fern\u00e1ndez y Cristina Kirchner. Esta \u00faltima, al igual que la dirigencia peronista, recalc\u00f3 los votos alineados al Gobierno que realiz\u00f3 el entrerriano, incluyendo la ley Bases. Incluso deslizaron que el dinero incautado en la frontera entre Ciudad del Este y Foz de Iguaz\u00fa corresponder\u00eda a presuntas coimas por el apoyo irrestricto a LLA.<\/p>\n","protected":false},"excerpt":{"rendered":"<p>La autoconvocatoria est\u00e1 planteada para el jueves. El peronismo necesita dos tercios de los votos para destituir al entrerriano por &#8220;inhabilidad moral&#8221;. UP busca exponer a La Libertad Avanza &nbsp; &nbsp; Uni\u00f3n por la Patria (UP) presentar\u00e1 este viernes un pedido de sesi\u00f3n en el Senado para el pr\u00f3ximo jueves para empujar la expulsi\u00f3n del cuerpo del entrerriano Edgardo Kueider por &#8220;inhabilidad moral&#8221;. El senador se encuentra con prisi\u00f3n domiciliaria en Paraguay (al igual que su secretaria Iara Guinsel Costa), imputado por tentativa de contrabando tras haber sido detenido en&#8230;<\/p>\n","protected":false},"author":3,"featured_media":123530,"comment_status":"closed","ping_status":"closed","sticky":false,"template":"","format":"standard","meta":[],"categories":[18],"tags":[],"_links":{"self":[{"href":"https:\/\/www.actualidadadiario.com\/index.php\/wp-json\/wp\/v2\/posts\/123529"}],"collection":[{"href":"https:\/\/www.actualidadadiario.com\/index.php\/wp-json\/wp\/v2\/posts"}],"about":[{"href":"https:\/\/www.actualidadadiario.com\/index.php\/wp-json\/wp\/v2\/types\/post"}],"author":[{"embeddable":true,"href":"https:\/\/www.actualidadadiario.com\/index.php\/wp-json\/wp\/v2\/users\/3"}],"replies":[{"embeddable":true,"href":"https:\/\/www.actualidadadiario.com\/index.php\/wp-json\/wp\/v2\/comments?post=123529"}],"version-history":[{"count":1,"href":"https:\/\/www.actualidadadiario.com\/index.php\/wp-json\/wp\/v2\/posts\/123529\/revisions"}],"predecessor-version":[{"id":123531,"href":"https:\/\/www.actualidadadiario.com\/index.php\/wp-json\/wp\/v2\/posts\/123529\/revisions\/123531"}],"wp:featuredmedia":[{"embeddable":true,"href":"https:\/\/www.actualidadadiario.com\/index.php\/wp-json\/wp\/v2\/media\/123530"}],"wp:attachment":[{"href":"https:\/\/www.actualidadadiario.com\/index.php\/wp-json\/wp\/v2\/media?parent=123529"}],"wp:term":[{"taxonomy":"category","embeddable":true,"href":"https:\/\/www.actualidadadiario.com\/index.php\/wp-json\/wp\/v2\/categories?post=123529"},{"taxonomy":"post_tag","embeddable":true,"href":"https:\/\/www.actualidadadiario.com\/index.php\/wp-json\/wp\/v2\/tags?post=123529"}],"curies":[{"name":"wp","href":"https:\/\/api.w.org\/{rel}","templated":true}]}}