{"id":123526,"date":"2024-12-06T16:01:06","date_gmt":"2024-12-06T19:01:06","guid":{"rendered":"https:\/\/www.actualidadadiario.com\/?p=123526"},"modified":"2024-12-06T16:01:06","modified_gmt":"2024-12-06T19:01:06","slug":"todo-lo-que-sea-para-romper-me-encanta-javier-milei-asumio-la-presidencia-del-mercosur-con-un-chiste-particular","status":"publish","type":"post","link":"https:\/\/www.actualidadadiario.com\/index.php\/2024\/12\/06\/todo-lo-que-sea-para-romper-me-encanta-javier-milei-asumio-la-presidencia-del-mercosur-con-un-chiste-particular\/","title":{"rendered":"&#8220;Todo lo que sea para romper, me encanta&#8221;: Javier Milei asumi\u00f3 la presidencia del Mercosur con un chiste particular"},"content":{"rendered":"<p style=\"text-align: center;\"><em><strong>El mandatario brome\u00f3 con su par saliente de Uruguay, Luis Lacalle Pou, quien le hizo entrega del habitual martillo para las sesiones del bloque, y aprovech\u00f3 su discurso para insistir en la necesidad de impulsar un mercado com\u00fan regional<\/strong><\/em><\/p>\n<p>&nbsp;<\/p>\n<p>&nbsp;<\/p>\n<p>El presidente Javier Milei celebr\u00f3 que la Argentina asumi\u00f3 a la presidencia Pro Tempore del Mercosur con una particular broma, luego de que su par saliente de Uruguay, Luis Lacalle Pou, le hiciera entrega del protocolar martillo de las sesiones del bloque: \u201cTodo lo que sea para romper, me encanta\u201d, se jact\u00f3 el libertario.<\/p>\n<p>Durante su breve discurso, y luego de haber participado de la apertura de la LXV Cumbre del Mercosur que se celebra en Montevideo, el mandatario insisti\u00f3 en su propuesta para promover el libre comercio, sin restricciones, ante los jefes de Estado pa\u00edses miembros, y rechaz\u00f3 la posibilidad de irse del bloque regional.<\/p>\n<p>\u201cUn mercado com\u00fan regional es un instrumento al servicio del desarrollo econ\u00f3mico de sus pa\u00edses integrantes. Los pa\u00edses lo forman libremente con el objetivo de que le rinda un r\u00e9dito particular a cada uno. No es una imposici\u00f3n inalterable, es un instrumento libremente elegido\u201d, insisti\u00f3 durante la ceremonia de asunci\u00f3n a la presidencia del bloque.<\/p>\n<p>En la misma l\u00ednea, plante\u00f3 que debe ser sometido para ver si funciona y si rinde los resultados prometidos, y remarc\u00f3 que \u201cno puede tener reglas y determinaciones est\u00e1ticas\u201d. \u201cSi sus normas son perniciosas tiene que ser posible cambiarlas, en funci\u00f3n de lo que necesitan los usuarios del instrumento, los pa\u00edses firmantes. Es decir, este instrumento debe ser blando y maleable; de lo contrario su propia rigidez lo termina quebrando\u201d, reiter\u00f3.<\/p>\n<p>Tambi\u00e9n, destac\u00f3 que su presidencia al frente del Mercosur estar\u00e1 caracterizada por recuperar el esp\u00edritu cr\u00edtico del bloque que, seg\u00fan expuso, \u201ctal como funciona hoy, trae m\u00e1s problemas que soluciones\u201d.<\/p>\n<p>Pese a sus cr\u00edticas, ech\u00f3 por tierra las chances de romper con el bloque, aunque desliz\u00f3 la posibilidad de \u201cdisoluci\u00f3n\u201d de mantenerse el funcionamiento actual del bloque. \u201cTenemos dos caminos: o aceptamos que el Mercosur no funciona y lo disolvemos, lo cual no es la voluntad del gobierno argentino, o lo adaptamos para que sea funcional a las necesidades actuales de sus integrantes\u201d, remarc\u00f3.<\/p>\n<p>En otro pasaje de su exposici\u00f3n, Milei denunci\u00f3 que la Argentina \u201cha sido destrozada por el chamanismo econ\u00f3mico\u201d, en referencia a las pol\u00edticas implementadas por los gobiernos que lo antecedieron, y plante\u00f3 que su situaci\u00f3n hace que deba comercializar para crecer \u201cde manera urgente&#8221;.<\/p>\n<p>\u201cNecesitamos capitalizarnos, de manera urgente; necesitamos importar y exportar, de modo urgente a Paraguay, a Brasil, a Uruguay s\u00ed, pero tambi\u00e9n con el resto de la regi\u00f3n y con todo el mundo. El Mercosur representa \u00fanicamente el 1,6% del comercio mundial. No podemos darle la espalda al resto del mundo, no nos podemos dar ese lujo\u201d, subray\u00f3.<\/p>\n<p>Asimismo, reafirm\u00f3 la necesidad de librarse \u201cdel cors\u00e9 asfixiante\u201d del bloque al aseverar que el pa\u00eds debe aumentar el comercio para convertirse en mejores clientes y proveedores. \u201cPor eso nuestra vocaci\u00f3n es dar un giro de tim\u00f3n. En nuestra presidencia pro tempore buscaremos dejar atr\u00e1s una etapa caracterizada por la mera administraci\u00f3n de acuerdos; el exceso de regulaciones y la dificultad para implementar normas, que frenan el comercio intrabloque y con el resto del mundo\u201d, anticip\u00f3 el Presidente.<\/p>\n<p>Tal y como lo hizo en la apertura, volvi\u00f3 a mencionar la idea de revisar el arancel externo com\u00fan, que consideran \u201cexcesivamente alto\u201d, por lo que plante\u00f3 la propuesta para ajustarlo a est\u00e1ndares internacionales, \u201casegurando una inserci\u00f3n m\u00e1s competitiva, en los mercados globales\u201d.<\/p>\n<p>\u201cNuestra presidencia explorar\u00e1 un r\u00e9gimen de mayor flexibilidad y autonom\u00eda comercial para los integrantes del bloque, para que cada uno pueda instaurar acuerdos comerciales que les resulten convenientes, para que cada pa\u00eds pueda determinar hasta d\u00f3nde s\u00ed y hasta d\u00f3nde no, haci\u00e9ndose eco de las necesidades de su propia poblaci\u00f3n, entendiendo que el bloque se beneficia del beneficio de sus integrantes\u201d, aclar\u00f3 al respecto.<\/p>\n<p>Otro de los puntos sugeridos por el libertario fue la conformaci\u00f3n de una agencia coordinada que aborde la seguridad en la Triple Frontera y combata el narcoterrorismo. \u201cSer\u00e1 \u00e1gil, moderna en m\u00e9todos y recursos y no burocr\u00e1tica. Esta agencia tendr\u00e1 investigadores de todos los pa\u00edses que estudiar\u00e1n las bandas que intentan dominar nuestros territorios\u201d, detall\u00f3.<\/p>\n<p>\u201cEn resumen, menos trabas para-arancelarias para comerciar puertas adentro, m\u00e1s libertad para comerciar puestas afuera, y m\u00e1s colaboraci\u00f3n en la persecuci\u00f3n del narco; sucintos y al punto esos son nuestros objetivos\u201d, sintetiz\u00f3 Milei.<\/p>\n<p>Por \u00faltimo, felicit\u00f3 al reciente electo presidente de Uruguay, Yamand\u00fa Orsi, y se mostr\u00f3 expectante ante los anuncios realizados. \u201cQuiero invitarlos a todos a que hagamos ejercicios de esa libertad, que es el don m\u00e1s preciado que tenemos y que nos animemos a salir del determinismo y hagamos historia grande una vez m\u00e1s\u201d, concluy\u00f3.<\/p>\n","protected":false},"excerpt":{"rendered":"<p>El mandatario brome\u00f3 con su par saliente de Uruguay, Luis Lacalle Pou, quien le hizo entrega del habitual martillo para las sesiones del bloque, y aprovech\u00f3 su discurso para insistir en la necesidad de impulsar un mercado com\u00fan regional &nbsp; &nbsp; El presidente Javier Milei celebr\u00f3 que la Argentina asumi\u00f3 a la presidencia Pro Tempore del Mercosur con una particular broma, luego de que su par saliente de Uruguay, Luis Lacalle Pou, le hiciera entrega del protocolar martillo de las sesiones del bloque: \u201cTodo lo que sea para romper, me&#8230;<\/p>\n","protected":false},"author":3,"featured_media":123527,"comment_status":"closed","ping_status":"closed","sticky":false,"template":"","format":"standard","meta":[],"categories":[18],"tags":[],"_links":{"self":[{"href":"https:\/\/www.actualidadadiario.com\/index.php\/wp-json\/wp\/v2\/posts\/123526"}],"collection":[{"href":"https:\/\/www.actualidadadiario.com\/index.php\/wp-json\/wp\/v2\/posts"}],"about":[{"href":"https:\/\/www.actualidadadiario.com\/index.php\/wp-json\/wp\/v2\/types\/post"}],"author":[{"embeddable":true,"href":"https:\/\/www.actualidadadiario.com\/index.php\/wp-json\/wp\/v2\/users\/3"}],"replies":[{"embeddable":true,"href":"https:\/\/www.actualidadadiario.com\/index.php\/wp-json\/wp\/v2\/comments?post=123526"}],"version-history":[{"count":1,"href":"https:\/\/www.actualidadadiario.com\/index.php\/wp-json\/wp\/v2\/posts\/123526\/revisions"}],"predecessor-version":[{"id":123528,"href":"https:\/\/www.actualidadadiario.com\/index.php\/wp-json\/wp\/v2\/posts\/123526\/revisions\/123528"}],"wp:featuredmedia":[{"embeddable":true,"href":"https:\/\/www.actualidadadiario.com\/index.php\/wp-json\/wp\/v2\/media\/123527"}],"wp:attachment":[{"href":"https:\/\/www.actualidadadiario.com\/index.php\/wp-json\/wp\/v2\/media?parent=123526"}],"wp:term":[{"taxonomy":"category","embeddable":true,"href":"https:\/\/www.actualidadadiario.com\/index.php\/wp-json\/wp\/v2\/categories?post=123526"},{"taxonomy":"post_tag","embeddable":true,"href":"https:\/\/www.actualidadadiario.com\/index.php\/wp-json\/wp\/v2\/tags?post=123526"}],"curies":[{"name":"wp","href":"https:\/\/api.w.org\/{rel}","templated":true}]}}