{"id":123524,"date":"2024-12-06T16:00:00","date_gmt":"2024-12-06T19:00:00","guid":{"rendered":"https:\/\/www.actualidadadiario.com\/?p=123524"},"modified":"2024-12-06T16:00:00","modified_gmt":"2024-12-06T19:00:00","slug":"la-convocatoria-a-extraordinarias-todavia-no-fue-oficializada","status":"publish","type":"post","link":"https:\/\/www.actualidadadiario.com\/index.php\/2024\/12\/06\/la-convocatoria-a-extraordinarias-todavia-no-fue-oficializada\/","title":{"rendered":"La convocatoria a extraordinarias todav\u00eda no fue oficializada"},"content":{"rendered":"<p style=\"text-align: center;\"><em><strong>Tampoco, hasta este viernes por la ma\u00f1ana, hab\u00eda ingresado el mensaje al Congreso. El vocero presidencial hab\u00eda comunicado v\u00eda redes un temario de seis proyectos<\/strong><\/em><\/p>\n<p>&nbsp;<\/p>\n<p>&nbsp;<\/p>\n<p>El Gobierno esper\u00f3 que pase la sesi\u00f3n preparatoria en la C\u00e1mara de Diputados, en la que fue reelecto como presidente del cuerpo Mart\u00edn Menem, para confirmar el llamado a sesiones extraordinarias.<\/p>\n<p>El pasado mi\u00e9rcoles por la noche, el vocero presidencial Manuel Adorni public\u00f3 en su perfil de la red social X la decisi\u00f3n de convocar al Congreso a sesiones desde el 5 al 27 de diciembre con un temario de seis proyectos, entre los cuales uno todav\u00eda no fue presentado.<\/p>\n<p>Los grandes ausentes de la agenda para este mes fueron el Presupuesto 2025 -por el que volvieron a reclamar desde la oposici\u00f3n- y la iniciativa de ficha limpia.<\/p>\n<p>Ahora bien, el decreto que convoca formalmente al Congreso a sesiones extraordinarias no sali\u00f3 publicado en el Bolet\u00edn Oficial ni el jueves, ni este viernes. Tampoco, seg\u00fan fuentes del Senado y la C\u00e1mara de Diputados consultadas por parlamentario.com, fue enviada al Congreso la comunicaci\u00f3n formal.<\/p>\n<p>El temario del Poder Ejecutivo incluye la reforma electoral -con la eliminaci\u00f3n de las PASO- y cambios en el financiamiento de los partidos pol\u00edticos; el proyecto sobre juicio en ausencia; y la llamada &#8220;ley antimafias&#8221;, que ya cuenta con media sanci\u00f3n de Diputados.<\/p>\n<p>Tambi\u00e9n, el tradicional proyecto de autorizaci\u00f3n del Congreso al presidente de la Naci\u00f3n para viajar al exterior; y una reforma de los fueros de los legisladores, del cual todav\u00eda no se conoce el texto.<\/p>\n<p>Antes de que culmine el per\u00edodo ordinario, la \u00faltima actividad en la C\u00e1mara baja fue la sesi\u00f3n que se cay\u00f3 por falta de qu\u00f3rum para tratar ficha limpia; mientras que el Senado recibi\u00f3 el informe de gesti\u00f3n de Guillermo Francos. De iniciarse la actividad en los pr\u00f3ximos d\u00edas, las miradas estar\u00e1n sobre la C\u00e1mara alta debido a la situaci\u00f3n que se desat\u00f3 por la detenci\u00f3n de Edgardo Kueider en Paraguay.<\/p>\n","protected":false},"excerpt":{"rendered":"<p>Tampoco, hasta este viernes por la ma\u00f1ana, hab\u00eda ingresado el mensaje al Congreso. El vocero presidencial hab\u00eda comunicado v\u00eda redes un temario de seis proyectos &nbsp; &nbsp; El Gobierno esper\u00f3 que pase la sesi\u00f3n preparatoria en la C\u00e1mara de Diputados, en la que fue reelecto como presidente del cuerpo Mart\u00edn Menem, para confirmar el llamado a sesiones extraordinarias. El pasado mi\u00e9rcoles por la noche, el vocero presidencial Manuel Adorni public\u00f3 en su perfil de la red social X la decisi\u00f3n de convocar al Congreso a sesiones desde el 5 al&#8230;<\/p>\n","protected":false},"author":3,"featured_media":74860,"comment_status":"closed","ping_status":"closed","sticky":false,"template":"","format":"standard","meta":[],"categories":[18],"tags":[],"_links":{"self":[{"href":"https:\/\/www.actualidadadiario.com\/index.php\/wp-json\/wp\/v2\/posts\/123524"}],"collection":[{"href":"https:\/\/www.actualidadadiario.com\/index.php\/wp-json\/wp\/v2\/posts"}],"about":[{"href":"https:\/\/www.actualidadadiario.com\/index.php\/wp-json\/wp\/v2\/types\/post"}],"author":[{"embeddable":true,"href":"https:\/\/www.actualidadadiario.com\/index.php\/wp-json\/wp\/v2\/users\/3"}],"replies":[{"embeddable":true,"href":"https:\/\/www.actualidadadiario.com\/index.php\/wp-json\/wp\/v2\/comments?post=123524"}],"version-history":[{"count":1,"href":"https:\/\/www.actualidadadiario.com\/index.php\/wp-json\/wp\/v2\/posts\/123524\/revisions"}],"predecessor-version":[{"id":123525,"href":"https:\/\/www.actualidadadiario.com\/index.php\/wp-json\/wp\/v2\/posts\/123524\/revisions\/123525"}],"wp:featuredmedia":[{"embeddable":true,"href":"https:\/\/www.actualidadadiario.com\/index.php\/wp-json\/wp\/v2\/media\/74860"}],"wp:attachment":[{"href":"https:\/\/www.actualidadadiario.com\/index.php\/wp-json\/wp\/v2\/media?parent=123524"}],"wp:term":[{"taxonomy":"category","embeddable":true,"href":"https:\/\/www.actualidadadiario.com\/index.php\/wp-json\/wp\/v2\/categories?post=123524"},{"taxonomy":"post_tag","embeddable":true,"href":"https:\/\/www.actualidadadiario.com\/index.php\/wp-json\/wp\/v2\/tags?post=123524"}],"curies":[{"name":"wp","href":"https:\/\/api.w.org\/{rel}","templated":true}]}}