{"id":123522,"date":"2024-12-06T15:59:18","date_gmt":"2024-12-06T18:59:18","guid":{"rendered":"https:\/\/www.actualidadadiario.com\/?p=123522"},"modified":"2024-12-06T15:59:18","modified_gmt":"2024-12-06T18:59:18","slug":"el-gobierno-convoco-a-debatir-el-salario-minimo-vital-y-movil-para-2025","status":"publish","type":"post","link":"https:\/\/www.actualidadadiario.com\/index.php\/2024\/12\/06\/el-gobierno-convoco-a-debatir-el-salario-minimo-vital-y-movil-para-2025\/","title":{"rendered":"El Gobierno convoc\u00f3 a debatir el Salario M\u00ednimo, Vital y M\u00f3vil para 2025"},"content":{"rendered":"<p style=\"text-align: center;\"><em><strong>El 19 de diciembre ser\u00e1 la reuni\u00f3n donde empresarios y gremialistas definir\u00e1n una actualizaci\u00f3n a los ingresos de empleados. El ministerio de Capital Humano tendr\u00e1 la \u00faltima palabra<\/strong><\/em><\/p>\n<p>&nbsp;<\/p>\n<p>&nbsp;<\/p>\n<p>La Secretar\u00eda de Trabajo del gobierno de Javier Milei convoc\u00f3 para el 19 de diciembre a una sesi\u00f3n del Consejo del Salario M\u00ednimo, Vital y M\u00f3vil para fijar una actualizaci\u00f3n de los ingresos de empleados as\u00ed como los montos m\u00ednimos y m\u00e1ximos de la prestaci\u00f3n por desempleo.<\/p>\n<p>La reuni\u00f3n ser\u00e1 presidida por Alexandra Biasutti, designada recientemente como Presidenta Alterna del Consejo y de la Comisi\u00f3n del Salario M\u00ednimo, Vital y M\u00f3vil. El plenario tendr\u00e1 lugar de forma virtual a las 16:30, con una posible segunda convocatoria a las 18:00 en caso de no alcanzar el qu\u00f3rum en la primera instancia.<\/p>\n<p>Seg\u00fan la \u00faltima resoluci\u00f3n tomada en el Consejo del Salario M\u00ednimo, Vital y M\u00f3vil, vigente desde el 1 de octubre de 2024, el salario m\u00ednimo para trabajadores mensualizados con jornada completa se estableci\u00f3 en $271.571,22, mientras que para los trabajadores jornalizados se fij\u00f3 en $1.357,86 por hora.<\/p>\n<p>En el orden del d\u00eda del 19 de diciembre se incluir\u00e1 la designaci\u00f3n de dos consejeros por sector para firmar el acta y la consideraci\u00f3n de las propuestas elevadas por la Comisi\u00f3n del Salario M\u00ednimo, la cual sesionar\u00e1 previamente el mismo d\u00eda a las 14:30.<\/p>\n<p>Entre los temas a tratar, destacan las modificaciones necesarias para cumplir con lo establecido en la Ley de Contrato de Trabajo y la Ley de Empleo, que establecen al Salario M\u00ednimo como herramienta clave para garantizar condiciones laborales dignas y equitativas.<\/p>\n","protected":false},"excerpt":{"rendered":"<p>El 19 de diciembre ser\u00e1 la reuni\u00f3n donde empresarios y gremialistas definir\u00e1n una actualizaci\u00f3n a los ingresos de empleados. El ministerio de Capital Humano tendr\u00e1 la \u00faltima palabra &nbsp; &nbsp; La Secretar\u00eda de Trabajo del gobierno de Javier Milei convoc\u00f3 para el 19 de diciembre a una sesi\u00f3n del Consejo del Salario M\u00ednimo, Vital y M\u00f3vil para fijar una actualizaci\u00f3n de los ingresos de empleados as\u00ed como los montos m\u00ednimos y m\u00e1ximos de la prestaci\u00f3n por desempleo. La reuni\u00f3n ser\u00e1 presidida por Alexandra Biasutti, designada recientemente como Presidenta Alterna del&#8230;<\/p>\n","protected":false},"author":3,"featured_media":123066,"comment_status":"closed","ping_status":"closed","sticky":false,"template":"","format":"standard","meta":[],"categories":[18],"tags":[],"_links":{"self":[{"href":"https:\/\/www.actualidadadiario.com\/index.php\/wp-json\/wp\/v2\/posts\/123522"}],"collection":[{"href":"https:\/\/www.actualidadadiario.com\/index.php\/wp-json\/wp\/v2\/posts"}],"about":[{"href":"https:\/\/www.actualidadadiario.com\/index.php\/wp-json\/wp\/v2\/types\/post"}],"author":[{"embeddable":true,"href":"https:\/\/www.actualidadadiario.com\/index.php\/wp-json\/wp\/v2\/users\/3"}],"replies":[{"embeddable":true,"href":"https:\/\/www.actualidadadiario.com\/index.php\/wp-json\/wp\/v2\/comments?post=123522"}],"version-history":[{"count":1,"href":"https:\/\/www.actualidadadiario.com\/index.php\/wp-json\/wp\/v2\/posts\/123522\/revisions"}],"predecessor-version":[{"id":123523,"href":"https:\/\/www.actualidadadiario.com\/index.php\/wp-json\/wp\/v2\/posts\/123522\/revisions\/123523"}],"wp:featuredmedia":[{"embeddable":true,"href":"https:\/\/www.actualidadadiario.com\/index.php\/wp-json\/wp\/v2\/media\/123066"}],"wp:attachment":[{"href":"https:\/\/www.actualidadadiario.com\/index.php\/wp-json\/wp\/v2\/media?parent=123522"}],"wp:term":[{"taxonomy":"category","embeddable":true,"href":"https:\/\/www.actualidadadiario.com\/index.php\/wp-json\/wp\/v2\/categories?post=123522"},{"taxonomy":"post_tag","embeddable":true,"href":"https:\/\/www.actualidadadiario.com\/index.php\/wp-json\/wp\/v2\/tags?post=123522"}],"curies":[{"name":"wp","href":"https:\/\/api.w.org\/{rel}","templated":true}]}}