{"id":123520,"date":"2024-12-06T15:58:46","date_gmt":"2024-12-06T18:58:46","guid":{"rendered":"https:\/\/www.actualidadadiario.com\/?p=123520"},"modified":"2024-12-06T15:58:46","modified_gmt":"2024-12-06T18:58:46","slug":"comunicado-del-ministerio-de-capital-humano-sobre-la-pobreza-tras-el-informe-de-la-uca","status":"publish","type":"post","link":"https:\/\/www.actualidadadiario.com\/index.php\/2024\/12\/06\/comunicado-del-ministerio-de-capital-humano-sobre-la-pobreza-tras-el-informe-de-la-uca\/","title":{"rendered":"Comunicado del Ministerio de Capital Humano sobre la pobreza tras el informe de la UCA"},"content":{"rendered":"<p style=\"text-align: center;\"><em><strong>Para el Gobierno, el informe de la UCA revel\u00f3 que tanto la incidencia de la indigencia como de la pobreza disminuyeron en relaci\u00f3n al mismo trimestre del a\u00f1o 2023<\/strong><\/em><\/p>\n<p>&nbsp;<\/p>\n<p>&nbsp;<\/p>\n<p>El Gobierno reaccion\u00f3 ante los \u00faltimos datos difundidos por el Observatorio de la Deuda Social de la Universidad Cat\u00f3lica Argentina (UCA) respecto a los n\u00fameros de pobreza e indigencia en el pa\u00eds y proyectaron que las cifras ser\u00e1n a\u00fan m\u00e1s bajas al t\u00e9rmino del a\u00f1o, por debajo del nivel que recibi\u00f3 el presidente Javier Milei al asumir su gesti\u00f3n en diciembre de 2023. &#8220;La pobreza en la Argentina se encuentra atravesando un fuerte proceso de descenso sostenido, gracias a la implementaci\u00f3n de pol\u00edticas econ\u00f3micas que han contribuido a reducir la inflaci\u00f3n y estabilizar la econom\u00eda\u201d, informaron desde el Ministerio de Capital Humano, a cargo de Sandra Pettovello, a trav\u00e9s del Consejo Nacional de Coordinaci\u00f3n de Pol\u00edticas Sociales.<\/p>\n<p>En el escrito remarcaron que \u201clos datos presentados por el Observatorio de la Deuda Social de la UCA reflejan que tanto la incidencia de la indigencia como de la pobreza han disminuido en relaci\u00f3n al mismo trimestre del a\u00f1o 2023\u201d.<\/p>\n<p>Desde el Gobierno adjudicaron esta baja a dos factores clave. En primer lugar, destacaron \u201cla pol\u00edtica de desintermediaci\u00f3n implementada por el Ministerio de Capital Humano\u201d la cual \u201cpermiti\u00f3 que permiti\u00f3 que los recursos lleguen de manera m\u00e1s eficiente a los sectores m\u00e1s vulnerables\u201d. En segundo lugar mencionaron \u201clas decisiones macroecon\u00f3micas tomadas por el Gobierno que ayudaron a disminuir los \u00edndices de pobreza\u201d.<\/p>\n<p>\u201cEl informe remarca que despu\u00e9s del pico del primer trimestre que marc\u00f3 un 54,9% de pobreza, relacionado a la crisis que dej\u00f3 el modelo econ\u00f3mico inflacionario de la gesti\u00f3n anterior, ha comenzado un sendero a la baja, ubic\u00e1ndose en el tercer trimestre en 49,9%\u201d, explicaron.<\/p>\n<p>En otro fragmento del texto reconocieron que &#8220;el dato de pobreza es elevado, y somos conscientes de que a\u00fan queda mucho por hacer, pero los indicios nos permiten ser optimistas&#8221;.<\/p>\n<p>En ese marco, de cara al futuro de la gesti\u00f3n de Milei, se mostraron positivos: \u201cIncluso las proyecciones de incidencia de pobreza e indigencia para octubre de 2024, en base a estad\u00edsticas oficiales (EPH), son menores al dato del cuarto trimestre de 2023. En el caso de la pobreza, se proyecta un 44,6% contra el 45,2% del 4to trimestre de 2023, mientras que para la indigencia la proyecci\u00f3n es de 11,6% contra 14,6% del \u00faltimo per\u00edodo de 2023\u201d.<\/p>\n<p>Adem\u00e1s, hicieron referencia a otros datos relevantes que se indican en el informe respecto a que &#8220;sin la ayuda social de pol\u00edticas como la Asignaci\u00f3n Universal por Hijo (AUH) o la Tarjeta Alimentar, la situaci\u00f3n ser\u00eda mucho peor: la indigencia del 12,3% hubiera sido del 23,2% y la pobreza en vez del 49,9%, ser\u00eda del 55,4%\u201d.\u00a0 Y anticiparon: &#8220;Las proyecciones indican que esta tendencia se mantendr\u00e1, en un contexto de estabilidad macroecon\u00f3mica y crecimiento genuino de la econom\u00eda, consolidando la nueva Argentina&#8221;.<\/p>\n<p>&#8220;En sinton\u00eda con el dato del informe de la UCA, los ejercicios de proyecci\u00f3n del Consejo Nacional de Coordinaci\u00f3n de Pol\u00edticas Sociales del Ministerio de Capital Humano est\u00e1n en l\u00ednea con esta tendencia. Argentina necesitaba una fuerte reestructuraci\u00f3n macroecon\u00f3mica para evitar una hiperinflaci\u00f3n, y el Presidente Javier Milei advirti\u00f3 en campa\u00f1a acerca de los efectos inmediatos del necesario ajuste. Por eso concentramos nuestros mayores esfuerzos en las pol\u00edticas sociales, para acompa\u00f1ar a los m\u00e1s vulnerables&#8221;, escribieron desde la cartera de Pettovello.<\/p>\n","protected":false},"excerpt":{"rendered":"<p>Para el Gobierno, el informe de la UCA revel\u00f3 que tanto la incidencia de la indigencia como de la pobreza disminuyeron en relaci\u00f3n al mismo trimestre del a\u00f1o 2023 &nbsp; &nbsp; El Gobierno reaccion\u00f3 ante los \u00faltimos datos difundidos por el Observatorio de la Deuda Social de la Universidad Cat\u00f3lica Argentina (UCA) respecto a los n\u00fameros de pobreza e indigencia en el pa\u00eds y proyectaron que las cifras ser\u00e1n a\u00fan m\u00e1s bajas al t\u00e9rmino del a\u00f1o, por debajo del nivel que recibi\u00f3 el presidente Javier Milei al asumir su gesti\u00f3n&#8230;<\/p>\n","protected":false},"author":3,"featured_media":101722,"comment_status":"closed","ping_status":"closed","sticky":false,"template":"","format":"standard","meta":[],"categories":[18],"tags":[],"_links":{"self":[{"href":"https:\/\/www.actualidadadiario.com\/index.php\/wp-json\/wp\/v2\/posts\/123520"}],"collection":[{"href":"https:\/\/www.actualidadadiario.com\/index.php\/wp-json\/wp\/v2\/posts"}],"about":[{"href":"https:\/\/www.actualidadadiario.com\/index.php\/wp-json\/wp\/v2\/types\/post"}],"author":[{"embeddable":true,"href":"https:\/\/www.actualidadadiario.com\/index.php\/wp-json\/wp\/v2\/users\/3"}],"replies":[{"embeddable":true,"href":"https:\/\/www.actualidadadiario.com\/index.php\/wp-json\/wp\/v2\/comments?post=123520"}],"version-history":[{"count":1,"href":"https:\/\/www.actualidadadiario.com\/index.php\/wp-json\/wp\/v2\/posts\/123520\/revisions"}],"predecessor-version":[{"id":123521,"href":"https:\/\/www.actualidadadiario.com\/index.php\/wp-json\/wp\/v2\/posts\/123520\/revisions\/123521"}],"wp:featuredmedia":[{"embeddable":true,"href":"https:\/\/www.actualidadadiario.com\/index.php\/wp-json\/wp\/v2\/media\/101722"}],"wp:attachment":[{"href":"https:\/\/www.actualidadadiario.com\/index.php\/wp-json\/wp\/v2\/media?parent=123520"}],"wp:term":[{"taxonomy":"category","embeddable":true,"href":"https:\/\/www.actualidadadiario.com\/index.php\/wp-json\/wp\/v2\/categories?post=123520"},{"taxonomy":"post_tag","embeddable":true,"href":"https:\/\/www.actualidadadiario.com\/index.php\/wp-json\/wp\/v2\/tags?post=123520"}],"curies":[{"name":"wp","href":"https:\/\/api.w.org\/{rel}","templated":true}]}}