{"id":123517,"date":"2024-12-06T15:58:08","date_gmt":"2024-12-06T18:58:08","guid":{"rendered":"https:\/\/www.actualidadadiario.com\/?p=123517"},"modified":"2024-12-06T17:03:55","modified_gmt":"2024-12-06T20:03:55","slug":"mas-motosierra-milei-revelo-su-plan-economico-para-2025","status":"publish","type":"post","link":"https:\/\/www.actualidadadiario.com\/index.php\/2024\/12\/06\/mas-motosierra-milei-revelo-su-plan-economico-para-2025\/","title":{"rendered":"M\u00e1s motosierra: Milei revel\u00f3 su plan econ\u00f3mico para 2025"},"content":{"rendered":"<p style=\"text-align: center;\"><em><strong>Javier Milei se autorreconoci\u00f3 como un \u201cl\u00edder que aparece ante la adversidad\u201d y anticip\u00f3 miles de reformas estructurales m\u00e1s para \u201cser el pa\u00eds m\u00e1s libre del mundo\u201d en 2025<\/strong><\/em><\/p>\n<p>&nbsp;<\/p>\n<p>&nbsp;<\/p>\n<p>Javier Milei proyect\u00f3 un 2025 \u201crealmente m\u00e1s maravilloso\u201d que el 2024, a\u00f1o en el que se \u201cderrumb\u00f3 la inflaci\u00f3n\u201d. Seg\u00fan el presidente, \u201cla econom\u00eda crece a un ritmo sostenido del 10%\u201d y es por ese motivo que augur\u00f3 \u201ctodas buenas noticias\u201d para la pr\u00f3xima etapa de su mandato.<\/p>\n<p>El mandatario traz\u00f3 la cancha de gesti\u00f3n para el a\u00f1o que viene y lanz\u00f3 una premisa de Gobierno: \u201cQueremos hacer grande Argentina, para que sea potencia mundial, como a fines del siglo XIX\u201d, dijo convencido. Pero, para eso, debe armar un plan econ\u00f3mico detallado.<\/p>\n<p>Proyecto 2025 en la mira<\/p>\n<p>Milei particip\u00f3 en un encuentro de l\u00edderes organizado en La Rural. All\u00ed, renov\u00f3 el objetivo de mantener la &#8220;motosierra&#8221; de recortes y anunci\u00f3 \u201c3.200 reformas estructurales m\u00e1s\u201d para \u201cser el pa\u00eds m\u00e1s libre del mundo\u201d.<\/p>\n<p>El presidente no solo resalt\u00f3 hitos de su primer a\u00f1o de gesti\u00f3n al frente de la Casa Rosada, como el recorte de la inflaci\u00f3n, el riesgo pa\u00eds y el descenso del d\u00f3lar, sino que tambi\u00e9n se autorreconoci\u00f3 el logro de haber llegado al poder sin aparato pol\u00edtico y como un \u201cl\u00edder que aparece ante la adversidad\u201d.<\/p>\n<p>\u201cNunca se dio en la historia que alguien pudiera ganar una elecci\u00f3n diciendo que iba a ajustar\u201d, dijo, al tiempo en el que destac\u00f3 la necesidad de decir \u201cuna verdad inc\u00f3moda antes que una mentira confortable\u201d. Este panorama, seg\u00fan el mandatario, es propicio para \u201cllevar adelante la tarea\u201d que se puso en marcha a partir de su asunci\u00f3n en el poder el 10 de diciembre del 2023.<\/p>\n<p>Gracias a este programa, que incluy\u00f3 una fuerte devaluaci\u00f3n a los pocos d\u00edas de asumir, \u201cevit\u00f3 una hiperinflaci\u00f3n\u201d, seg\u00fan el mandatario. Adem\u00e1s, indic\u00f3 que el salario \u201cpas\u00f3 de USD 300 a USD 1.100 y el 57% de la pobreza que hab\u00eda en enero, \u201choy est\u00e1 en el 46%&#8221;.<\/p>\n","protected":false},"excerpt":{"rendered":"<p>Javier Milei se autorreconoci\u00f3 como un \u201cl\u00edder que aparece ante la adversidad\u201d y anticip\u00f3 miles de reformas estructurales m\u00e1s para \u201cser el pa\u00eds m\u00e1s libre del mundo\u201d en 2025 &nbsp; &nbsp; Javier Milei proyect\u00f3 un 2025 \u201crealmente m\u00e1s maravilloso\u201d que el 2024, a\u00f1o en el que se \u201cderrumb\u00f3 la inflaci\u00f3n\u201d. Seg\u00fan el presidente, \u201cla econom\u00eda crece a un ritmo sostenido del 10%\u201d y es por ese motivo que augur\u00f3 \u201ctodas buenas noticias\u201d para la pr\u00f3xima etapa de su mandato. El mandatario traz\u00f3 la cancha de gesti\u00f3n para el a\u00f1o que&#8230;<\/p>\n","protected":false},"author":3,"featured_media":123518,"comment_status":"closed","ping_status":"closed","sticky":false,"template":"","format":"standard","meta":[],"categories":[18],"tags":[],"_links":{"self":[{"href":"https:\/\/www.actualidadadiario.com\/index.php\/wp-json\/wp\/v2\/posts\/123517"}],"collection":[{"href":"https:\/\/www.actualidadadiario.com\/index.php\/wp-json\/wp\/v2\/posts"}],"about":[{"href":"https:\/\/www.actualidadadiario.com\/index.php\/wp-json\/wp\/v2\/types\/post"}],"author":[{"embeddable":true,"href":"https:\/\/www.actualidadadiario.com\/index.php\/wp-json\/wp\/v2\/users\/3"}],"replies":[{"embeddable":true,"href":"https:\/\/www.actualidadadiario.com\/index.php\/wp-json\/wp\/v2\/comments?post=123517"}],"version-history":[{"count":1,"href":"https:\/\/www.actualidadadiario.com\/index.php\/wp-json\/wp\/v2\/posts\/123517\/revisions"}],"predecessor-version":[{"id":123519,"href":"https:\/\/www.actualidadadiario.com\/index.php\/wp-json\/wp\/v2\/posts\/123517\/revisions\/123519"}],"wp:featuredmedia":[{"embeddable":true,"href":"https:\/\/www.actualidadadiario.com\/index.php\/wp-json\/wp\/v2\/media\/123518"}],"wp:attachment":[{"href":"https:\/\/www.actualidadadiario.com\/index.php\/wp-json\/wp\/v2\/media?parent=123517"}],"wp:term":[{"taxonomy":"category","embeddable":true,"href":"https:\/\/www.actualidadadiario.com\/index.php\/wp-json\/wp\/v2\/categories?post=123517"},{"taxonomy":"post_tag","embeddable":true,"href":"https:\/\/www.actualidadadiario.com\/index.php\/wp-json\/wp\/v2\/tags?post=123517"}],"curies":[{"name":"wp","href":"https:\/\/api.w.org\/{rel}","templated":true}]}}