{"id":123514,"date":"2024-12-06T15:57:03","date_gmt":"2024-12-06T18:57:03","guid":{"rendered":"https:\/\/www.actualidadadiario.com\/?p=123514"},"modified":"2024-12-06T15:57:03","modified_gmt":"2024-12-06T18:57:03","slug":"acuerdo-mercosur-union-europea-tras-la-firma-en-montevideo-el-dificil-camino-para-su-aprobacion-final","status":"publish","type":"post","link":"https:\/\/www.actualidadadiario.com\/index.php\/2024\/12\/06\/acuerdo-mercosur-union-europea-tras-la-firma-en-montevideo-el-dificil-camino-para-su-aprobacion-final\/","title":{"rendered":"Acuerdo Mercosur-Uni\u00f3n Europea: tras la firma en Montevideo, el dif\u00edcil camino para su aprobaci\u00f3n final"},"content":{"rendered":"<p style=\"text-align: center;\"><em><strong>El pacto transcontinental solo tendr\u00e1 efectivo funcionamiento si es refrendado en los parlamentos de varios pa\u00edses de Europa. Francia resiste la firma con Macron a la cabeza. Milei defini\u00f3 el modelo actual del Mercosur como &#8220;agotado&#8221;<\/strong><\/em><\/p>\n<p>&nbsp;<\/p>\n<p>&nbsp;<\/p>\n<p>En Montevideo, la 65\u00b0 Cumbre del Mercosur fue el lugar donde la titular de la Uni\u00f3n Europea Ursula Von der Leyen y los presidentes Milei, Lacalle Pou, Lula y Pe\u00f1a, de Argentina, Uruguay, Brasil y Paraguay respectivamente, firmaron un muy negociado acuerdo comercial entre ambas comunidades econ\u00f3micas. La efectivizaci\u00f3n del mismo ahora depende de su aprobaci\u00f3n en los parlamentos del Viejo Continente, donde ya hay resistencias de Francia, Italia y Pa\u00edses Bajos.<\/p>\n<p>Luego de 25 a\u00f1os de conversaciones, la comunicaci\u00f3n oficial de la cumbre asegura que con esta r\u00fabrica se \u00ababre un mercado de 700 millones de personas\u00bb. Von der Leyen celebr\u00f3 el pacto alcanzado y lo calific\u00f3 como \u00abun hito hist\u00f3rico\u00bb, al tiempo que consider\u00f3 que el acuerdo es \u00abambicioso y equilibrado\u00bb.<\/p>\n<p>A\u00f1adi\u00f3 que \u00abel v\u00ednculo entre pa\u00eds de Europa y el Mercosur es uno de los m\u00e1s fuertes del mundo\u00bb y enfatiz\u00f3 que \u00abestamos fortaleciendo esta alianza como nunca antes\u00bb. La funcionaria remarc\u00f3: \u00abEn tiempos convulsionados estamos mandando un mensaje contundente al mundo y demostramos que las democracias pueden apoyarse mutuamente\u00bb. En ese sentido recalc\u00f3: \u00abCreemos en la apertura y en la cooperaci\u00f3n\u00bb y tambi\u00e9n asegur\u00f3 que \u00able estamos diciendo al mundo que tiene que estar ligado por valores\u00bb.<\/p>\n<p>En un mensaje directo a los sectores que bloquean el acuerdo en Europa, Von der Leyen puntualiz\u00f3: \u00abA nuestros agricultores: los hemos escuchado, hemos atendido sus preocupaciones y hemos actuado en consecuencia. Este acuerdo incluye s\u00f3lidas salvaguardas para proteger sus medios de vida\u00bb.<\/p>\n<p>Por su parte, Javier Milei critic\u00f3 el estado actual del Mercosur y celebr\u00f3 la firma. \u00abConsolidarnos en un bloque com\u00fan no s\u00f3lo nos hizo crecer, sino que nos ha perjudicado, mientras vecinos -como Chile y Per\u00fa- se abrieron al mundo y entablaron acuerdos comerciales con los protagonistas del comercio global, nosotros nos encerramos en nuestra propia pecera tardando \u2013 m\u00e1s de 20 a\u00f1os \u2013 de cerrar un acuerdo con el que hoy festejamos, que a\u00fan dista de ser una realidad\u00bb, coment\u00f3 en el inicio de su intervenci\u00f3n.<\/p>\n<p>El libertario agreg\u00f3: \u00abSi bien la responsabilidad del fracaso argentino cae mayormente en d\u00e9cadas de una pol\u00edtica econ\u00f3mica destructiva, el Mercosur y sus restricciones tambi\u00e9n han sido un escollo para el progreso de los argentinos\u00bb.<\/p>\n<p>Milei asegur\u00f3 que el actual formato de acuerdos en el Mercosur est\u00e1 \u00abagotado\u00bb y propuso: \u201cGanemos autonom\u00eda sin dejar de respetar los acuerdos que nos hermanan y si los que nos hermanan es comercial libremente entre nosotros, propongo que aflojemos las ataduras que hoy nos ahogan en vez de fortalecernos\u201d.<\/p>\n<p>Luiz In\u00e1cio Lula da Silva argument\u00f3 que el acuerdo Mercosur \u2013 UE crea \u00abuna de las mayores \u00e1reas de libre comercio del mundo\u201d y sent\u00f3 posici\u00f3n ante los gobiernos que rechazan el entendimiento: \u201cNo aceptaremos que intenten difamar la calidad de nuestros productos\u201d.<\/p>\n<p>El tres veces presidente de Brasil indic\u00f3: \u201cNuestro bloque tiene una oportunidad hist\u00f3rica de liderar la transici\u00f3n energ\u00e9tica. Todos sufrimos las consecuencias del cambio clim\u00e1tico. Un Mercosur fuerte y unido es un Mercosur conectado con la agenda global\u201d.<\/p>\n<p>Luis Lacalle Pou a su turno destac\u00f3 que \u00abno es solo un intercambio comercial ya de manera m\u00e1s importante, sino que es mucho m\u00e1s que eso porque tenemos v\u00ednculos con Europa m\u00e1s all\u00e1 del comercio\u00bb. Asimismo, se\u00f1al\u00f3 que \u00abno es una soluci\u00f3n, sino que es una oportunidad y depender\u00e1 de nosotros en cada uno de nuestros pa\u00edses la importancia que le demos\u00bb.<\/p>\n<p>Asimismo, dijo que \u00abesto es una ganancia para Europa\u00bb porque \u00abhay 70 mil empresas exportan al Mercosur de las cuales 30 mil son pymes as\u00ed se aseguran un mercado, facilidades de ingresos, menores aranceles y acceso preferencial a materias primas\u00bb. Adem\u00e1s afirm\u00f3 que \u00abeste acuerdo incluye salvaguardas robustas\u00bb y le permitir\u00e1 ahorrar a las empresas europeas 4.000 millones de euros.<\/p>\n<p>Los parlamentos nacionales, el principal obst\u00e1culo del acuerdo Mercosur \u2013 Uni\u00f3n Europea<\/p>\n<p>El acuerdo firmado en Montevideo este viernes enfrenta resistencias de plano por parte de los parlamentos de varios de los pa\u00edses miembros de la Uni\u00f3n Europea. La defensa ac\u00e9rrima del agro de pa\u00edses como Francia ante la posible llegada de productos sudamericanos a precios m\u00e1s accesibles y calidades competitivas se expresa en los representantes de las c\u00e1maras legislativas. Estas tienen que refrendar lo firmado por Von del Leyen.<\/p>\n<p>En Francia el acuerdo ha sido tachado de \u201cinaceptable\u201d. El primer ministro Macron lo rechaz\u00f3 en declaraciones p\u00fablicas este jueves. La ministra francesa de Comercio, Sophie Primas, se comprometi\u00f3 a oponerse a las siguientes fases del pacto, alegando preocupaciones medioambientales y agr\u00edcolas.<\/p>\n<p>Tambi\u00e9n los parlamentos de los Pa\u00edses Bajos y de Italia rechazar\u00edan el entendimiento. Mientras que Espa\u00f1a, Alemania y Portugal lo impulsan. Todo tendr\u00e1 que dirimirse en las bancas del Viejo Continente en los pr\u00f3ximos meses.<\/p>\n","protected":false},"excerpt":{"rendered":"<p>El pacto transcontinental solo tendr\u00e1 efectivo funcionamiento si es refrendado en los parlamentos de varios pa\u00edses de Europa. Francia resiste la firma con Macron a la cabeza. Milei defini\u00f3 el modelo actual del Mercosur como &#8220;agotado&#8221; &nbsp; &nbsp; En Montevideo, la 65\u00b0 Cumbre del Mercosur fue el lugar donde la titular de la Uni\u00f3n Europea Ursula Von der Leyen y los presidentes Milei, Lacalle Pou, Lula y Pe\u00f1a, de Argentina, Uruguay, Brasil y Paraguay respectivamente, firmaron un muy negociado acuerdo comercial entre ambas comunidades econ\u00f3micas. La efectivizaci\u00f3n del mismo ahora&#8230;<\/p>\n","protected":false},"author":3,"featured_media":123515,"comment_status":"closed","ping_status":"closed","sticky":false,"template":"","format":"standard","meta":[],"categories":[9],"tags":[],"_links":{"self":[{"href":"https:\/\/www.actualidadadiario.com\/index.php\/wp-json\/wp\/v2\/posts\/123514"}],"collection":[{"href":"https:\/\/www.actualidadadiario.com\/index.php\/wp-json\/wp\/v2\/posts"}],"about":[{"href":"https:\/\/www.actualidadadiario.com\/index.php\/wp-json\/wp\/v2\/types\/post"}],"author":[{"embeddable":true,"href":"https:\/\/www.actualidadadiario.com\/index.php\/wp-json\/wp\/v2\/users\/3"}],"replies":[{"embeddable":true,"href":"https:\/\/www.actualidadadiario.com\/index.php\/wp-json\/wp\/v2\/comments?post=123514"}],"version-history":[{"count":1,"href":"https:\/\/www.actualidadadiario.com\/index.php\/wp-json\/wp\/v2\/posts\/123514\/revisions"}],"predecessor-version":[{"id":123516,"href":"https:\/\/www.actualidadadiario.com\/index.php\/wp-json\/wp\/v2\/posts\/123514\/revisions\/123516"}],"wp:featuredmedia":[{"embeddable":true,"href":"https:\/\/www.actualidadadiario.com\/index.php\/wp-json\/wp\/v2\/media\/123515"}],"wp:attachment":[{"href":"https:\/\/www.actualidadadiario.com\/index.php\/wp-json\/wp\/v2\/media?parent=123514"}],"wp:term":[{"taxonomy":"category","embeddable":true,"href":"https:\/\/www.actualidadadiario.com\/index.php\/wp-json\/wp\/v2\/categories?post=123514"},{"taxonomy":"post_tag","embeddable":true,"href":"https:\/\/www.actualidadadiario.com\/index.php\/wp-json\/wp\/v2\/tags?post=123514"}],"curies":[{"name":"wp","href":"https:\/\/api.w.org\/{rel}","templated":true}]}}