{"id":123509,"date":"2024-12-06T15:16:17","date_gmt":"2024-12-06T18:16:17","guid":{"rendered":"https:\/\/www.actualidadadiario.com\/?p=123509"},"modified":"2024-12-06T15:16:17","modified_gmt":"2024-12-06T18:16:17","slug":"derogan-los-decretos-que-promovian-el-desarrollo-de-parques-industriales","status":"publish","type":"post","link":"https:\/\/www.actualidadadiario.com\/index.php\/2024\/12\/06\/derogan-los-decretos-que-promovian-el-desarrollo-de-parques-industriales\/","title":{"rendered":"Derogan los decretos que promov\u00edan el Desarrollo de Parques Industriales"},"content":{"rendered":"<p style=\"text-align: center;\"><em><strong>El texto firmado por el presidente Javier Milei y el ministro de Econom\u00eda Luis Caputo elimina las normativas para el fomento a este sector. Hab\u00edan sido impulsadas en 2010 por Cristina Kirchner y en 2020 por Alberto Fern\u00e1ndez<\/strong><\/em><\/p>\n<p>&nbsp;<\/p>\n<p>&nbsp;<\/p>\n<p>El Gobierno derog\u00f3 los decretos que promov\u00edan el Desarrollo de Parques Industriales impulsados en 2010 por Cristina Kirchner y en 2020 por Alberto Fern\u00e1ndez. Estas normativas ten\u00edan como objetivo la generaci\u00f3n de empleo en el sector, el desarrollo sustentable e inclusivo y potenciarlo.<\/p>\n<p>El Decreto 1077\/2024 publicado en el Bolet\u00edn Oficial lleva las firmas del presidente Javier Milei y el ministro de Econom\u00eda Luis Caputo. En las p\u00e1ginas publicadas consideran que la Argentina &#8220;estuvo atravesada en los \u00faltimos a\u00f1os por una situaci\u00f3n de in\u00e9dita gravedad, generadora de profundos desequilibrios que impactaron negativamente en toda la poblaci\u00f3n y en especial en lo social y econ\u00f3mico&#8221;.<\/p>\n<p>En esta l\u00ednea justific\u00f3 que &#8220;la citada ley tuvo en consideraci\u00f3n que, a los fines de una mayor eficiencia econ\u00f3mica, resulta necesario efectuar una profunda readecuaci\u00f3n de las asignaciones presupuestarias, adaptando los programas y proyectos a la realidad econ\u00f3mica y financiera existente y a las urgentes necesidades y prioridades&#8221;, en el marco de que &#8220;se declar\u00f3 la emergencia p\u00fablica en materia administrativa, econ\u00f3mica, financiera y energ\u00e9tica, entre otras&#8221;.<\/p>\n<p>Por consiguiente, en &#8220;el contexto actual resulta indispensable optimizar los recursos asignados a la pol\u00edtica industrial y priorizar la planificaci\u00f3n de nuevas estrategias que permitan sostener la competitividad de los sectores productivos y fortalecer la radicaci\u00f3n de inversiones&#8221;. &#8220;Resulta conveniente eliminar el Programa Nacional para el Desarrollo de los Parques Industriales y derogar los Decretos Nros. 915\/10 y 716\/20. Que ha tomado intervenci\u00f3n el servicio de asesoramiento jur\u00eddico competente&#8221;, finaliz\u00f3.<\/p>\n","protected":false},"excerpt":{"rendered":"<p>El texto firmado por el presidente Javier Milei y el ministro de Econom\u00eda Luis Caputo elimina las normativas para el fomento a este sector. Hab\u00edan sido impulsadas en 2010 por Cristina Kirchner y en 2020 por Alberto Fern\u00e1ndez &nbsp; &nbsp; El Gobierno derog\u00f3 los decretos que promov\u00edan el Desarrollo de Parques Industriales impulsados en 2010 por Cristina Kirchner y en 2020 por Alberto Fern\u00e1ndez. Estas normativas ten\u00edan como objetivo la generaci\u00f3n de empleo en el sector, el desarrollo sustentable e inclusivo y potenciarlo. El Decreto 1077\/2024 publicado en el Bolet\u00edn&#8230;<\/p>\n","protected":false},"author":3,"featured_media":123510,"comment_status":"closed","ping_status":"closed","sticky":false,"template":"","format":"standard","meta":[],"categories":[2],"tags":[],"_links":{"self":[{"href":"https:\/\/www.actualidadadiario.com\/index.php\/wp-json\/wp\/v2\/posts\/123509"}],"collection":[{"href":"https:\/\/www.actualidadadiario.com\/index.php\/wp-json\/wp\/v2\/posts"}],"about":[{"href":"https:\/\/www.actualidadadiario.com\/index.php\/wp-json\/wp\/v2\/types\/post"}],"author":[{"embeddable":true,"href":"https:\/\/www.actualidadadiario.com\/index.php\/wp-json\/wp\/v2\/users\/3"}],"replies":[{"embeddable":true,"href":"https:\/\/www.actualidadadiario.com\/index.php\/wp-json\/wp\/v2\/comments?post=123509"}],"version-history":[{"count":1,"href":"https:\/\/www.actualidadadiario.com\/index.php\/wp-json\/wp\/v2\/posts\/123509\/revisions"}],"predecessor-version":[{"id":123511,"href":"https:\/\/www.actualidadadiario.com\/index.php\/wp-json\/wp\/v2\/posts\/123509\/revisions\/123511"}],"wp:featuredmedia":[{"embeddable":true,"href":"https:\/\/www.actualidadadiario.com\/index.php\/wp-json\/wp\/v2\/media\/123510"}],"wp:attachment":[{"href":"https:\/\/www.actualidadadiario.com\/index.php\/wp-json\/wp\/v2\/media?parent=123509"}],"wp:term":[{"taxonomy":"category","embeddable":true,"href":"https:\/\/www.actualidadadiario.com\/index.php\/wp-json\/wp\/v2\/categories?post=123509"},{"taxonomy":"post_tag","embeddable":true,"href":"https:\/\/www.actualidadadiario.com\/index.php\/wp-json\/wp\/v2\/tags?post=123509"}],"curies":[{"name":"wp","href":"https:\/\/api.w.org\/{rel}","templated":true}]}}