{"id":123496,"date":"2024-12-06T15:10:31","date_gmt":"2024-12-06T18:10:31","guid":{"rendered":"https:\/\/www.actualidadadiario.com\/?p=123496"},"modified":"2024-12-06T15:10:31","modified_gmt":"2024-12-06T18:10:31","slug":"hito-en-santa-fe-la-legislatura-aprobo-reformar-la-constitucion-provincial","status":"publish","type":"post","link":"https:\/\/www.actualidadadiario.com\/index.php\/2024\/12\/06\/hito-en-santa-fe-la-legislatura-aprobo-reformar-la-constitucion-provincial\/","title":{"rendered":"Hito en Santa Fe: la Legislatura aprob\u00f3 reformar la Constituci\u00f3n provincial"},"content":{"rendered":"<p style=\"text-align: center;\"><em><strong>Tras la media sanci\u00f3n en Diputados, la iniciativa obtuvo luz verde en el Senado. Contempla la modificaci\u00f3n de 43 art\u00edculos que rigen en la Carta Magna actual<\/strong><\/em><\/p>\n<p>&nbsp;<\/p>\n<p>&nbsp;<\/p>\n<p>El Senado de Santa Fe aprob\u00f3 este viernes el proyecto oficial que habilita la reforma constitucional, un viejo anhelo de la provincia litorale\u00f1a, que impulsaron diversos gobernadores durante su paso por la Casa Gris. Tras la medida sanci\u00f3n que obtuvo el jueves en Diputados, la iniciativa se convirti\u00f3 en ley.<\/p>\n<p>La sesi\u00f3n cont\u00f3 con 17 senadores, 14 de ellos votaron a favor y solo 3 en contra, mientras que dos dirigentes del Partido Justicialista (PJ) se ausentaron, allanando el camino para un oficialismo que cuenta con espalda en la C\u00e1mara alta local, donde se esperaba una victoria sin sobresaltos.<\/p>\n<p>De esta manera, se convocar\u00e1 a la convenci\u00f3n constituyente para abril del 2025, que sesionar\u00e1 un a\u00f1o despu\u00e9s de que se vote, en abril de 2026.<\/p>\n<p>&nbsp;<\/p>\n<p><strong>Santa Fe reformar\u00e1 la Constituci\u00f3n provincial<\/strong><\/p>\n<p>Concretamente, la iniciativa del frente Unidos para Cambiar Santa Fe, que nuclea a dirigentes del PRO, radicales y socialistas, entre otros, contempla modificaciones en 43 art\u00edculos de la actual Constituci\u00f3n, abriendo la puerta a cambios significativos en los tres poderes del Estado.<\/p>\n<p>Entre otras cosas, busca terminar con las reelecciones indefinidas, con los fueros que dan inmunidad de proceso, con los privilegios de la pol\u00edtica y propone incluir en la Carta Magna la ficha limpia, una normativa que rige en la provincia desde 2022 e impide candidaturas de personas condenadas por delitos graves, como corrupci\u00f3n y narcotr\u00e1fico.<\/p>\n<p>Paralelamente, aspira a modernizar un texto que tiene m\u00e1s de 60 a\u00f1os (es la \u00fanica provincia que no se adapt\u00f3 a la reforma del 94) y esta desactualizado respecto de los cambios que necesita hoy la sociedad santafesina.<\/p>\n<p>En la actualidad, Santa Fe tiene reelecci\u00f3n indefinida para todos los cargos. Diputados, senadores, intendentes, concejales, menos para el gobernador y el vice. El oficialismo busca establecer por ley que solo pueda haber una reelecci\u00f3n, es decir, m\u00e1ximo 8 a\u00f1os en todos los cargos p\u00fablicos.<\/p>\n<p>Otro de los objetivos establecer el requisito de vivir en la provincia para ser diputado o senador, atendiendo a que, actualmente, numerosos legisladores habitan en Buenos Aires.<\/p>\n<p>Adem\u00e1s, la iniciativa busca que la Constituci\u00f3n provincial contemple que Santa Fe debe tener equilibrio fiscal, estipulando que el d\u00e9ficit cero y una buena gesti\u00f3n econ\u00f3mica son claves para el desarrollo provincial.<\/p>\n<p>Paralelamente, pondera la necesidad de terminar con los fueros para la pol\u00edtica y consagrar instituciones que consoliden el cambio en seguridad p\u00fablica en Santa Fe y que puedan permitir que no se vuelva atr\u00e1s. E<\/p>\n<p>&nbsp;<\/p>\n<p><strong>Objetivo<\/strong><\/p>\n<p>En concreto, el objetivo es afianzar en la letra constitucional lo que se estableci\u00f3 en la justicia para la lucha contra la inseguridad y el narcotr\u00e1fico. Se empuja, tambi\u00e9n, que la Legislatura deje de juzgar a fiscales y magistrados, arrog\u00e1ndole esa competencia a un nuevo tribunal de enjuiciamiento, impidiendo que el que designe no pueda juzgar, sino que lo haga otra instituci\u00f3n.<\/p>\n<p>Un \u00edtem importante, que estuvo en la discusi\u00f3n p\u00fablica nacional en las \u00faltimas semanas, es la Ficha Limpia. El proyecto busca darle rango constitucional a esa figura.<\/p>\n<p>En la provincia consideraron que se trata de una herramienta importante para sostener avances como el equilibrio fiscal, d\u00e9ficit cero, seguridad para los rosarinos y para todos los que viven en Santa fe; m\u00e1s polic\u00eda en la calle, medidas m\u00e1s duras en las c\u00e1rceles, respaldo a las fuerzas de seguridad para hacerlas sentir que est\u00e1n dando una pelea que ahora tiene sentido y vale la pena.<\/p>\n","protected":false},"excerpt":{"rendered":"<p>Tras la media sanci\u00f3n en Diputados, la iniciativa obtuvo luz verde en el Senado. Contempla la modificaci\u00f3n de 43 art\u00edculos que rigen en la Carta Magna actual &nbsp; &nbsp; El Senado de Santa Fe aprob\u00f3 este viernes el proyecto oficial que habilita la reforma constitucional, un viejo anhelo de la provincia litorale\u00f1a, que impulsaron diversos gobernadores durante su paso por la Casa Gris. Tras la medida sanci\u00f3n que obtuvo el jueves en Diputados, la iniciativa se convirti\u00f3 en ley. La sesi\u00f3n cont\u00f3 con 17 senadores, 14 de ellos votaron a&#8230;<\/p>\n","protected":false},"author":3,"featured_media":123497,"comment_status":"closed","ping_status":"closed","sticky":false,"template":"","format":"standard","meta":[],"categories":[9],"tags":[],"_links":{"self":[{"href":"https:\/\/www.actualidadadiario.com\/index.php\/wp-json\/wp\/v2\/posts\/123496"}],"collection":[{"href":"https:\/\/www.actualidadadiario.com\/index.php\/wp-json\/wp\/v2\/posts"}],"about":[{"href":"https:\/\/www.actualidadadiario.com\/index.php\/wp-json\/wp\/v2\/types\/post"}],"author":[{"embeddable":true,"href":"https:\/\/www.actualidadadiario.com\/index.php\/wp-json\/wp\/v2\/users\/3"}],"replies":[{"embeddable":true,"href":"https:\/\/www.actualidadadiario.com\/index.php\/wp-json\/wp\/v2\/comments?post=123496"}],"version-history":[{"count":1,"href":"https:\/\/www.actualidadadiario.com\/index.php\/wp-json\/wp\/v2\/posts\/123496\/revisions"}],"predecessor-version":[{"id":123498,"href":"https:\/\/www.actualidadadiario.com\/index.php\/wp-json\/wp\/v2\/posts\/123496\/revisions\/123498"}],"wp:featuredmedia":[{"embeddable":true,"href":"https:\/\/www.actualidadadiario.com\/index.php\/wp-json\/wp\/v2\/media\/123497"}],"wp:attachment":[{"href":"https:\/\/www.actualidadadiario.com\/index.php\/wp-json\/wp\/v2\/media?parent=123496"}],"wp:term":[{"taxonomy":"category","embeddable":true,"href":"https:\/\/www.actualidadadiario.com\/index.php\/wp-json\/wp\/v2\/categories?post=123496"},{"taxonomy":"post_tag","embeddable":true,"href":"https:\/\/www.actualidadadiario.com\/index.php\/wp-json\/wp\/v2\/tags?post=123496"}],"curies":[{"name":"wp","href":"https:\/\/api.w.org\/{rel}","templated":true}]}}