{"id":123491,"date":"2024-12-06T13:02:13","date_gmt":"2024-12-06T16:02:13","guid":{"rendered":"https:\/\/www.actualidadadiario.com\/?p=123491"},"modified":"2024-12-06T13:02:13","modified_gmt":"2024-12-06T16:02:13","slug":"tras-el-temporal-ceso-el-alerta","status":"publish","type":"post","link":"https:\/\/www.actualidadadiario.com\/index.php\/2024\/12\/06\/tras-el-temporal-ceso-el-alerta\/","title":{"rendered":"Tras el temporal, ces\u00f3 el alerta"},"content":{"rendered":"<p style=\"text-align: center;\"><em><strong>Finaliz\u00f3 el alerta que reg\u00eda en Entre R\u00edos, aunque persisten algunas inestabilidades aisladas hasta la tarde. Comenzar\u00e1 a mejorar el tiempo. Este s\u00e1bado habr\u00e1 m\u00e1s viento<\/strong><\/em><\/p>\n<p>&nbsp;<\/p>\n<p>&nbsp;<\/p>\n<p>El Servicio Meteorol\u00f3gico Nacional \u2013SMN\u2013 inform\u00f3 que este viernes de ma\u00f1ana ces\u00f3 el alerta amarillo y naranja por tormentas que reg\u00eda sobre Entre R\u00edos, tras el temporal vivido en horas de la madrugada.<\/p>\n<p>Si bien se prev\u00e9n posibles inestabilidades en algunas zonas de la provincia, con algunos chaparrones aislados, se aguarda que progresivamente mejoren las condiciones del tiempo, sobre todo desde la tarde.<\/p>\n<p>La nubosidad ir\u00e1 poco a poco disminuyendo y se espera un descenso de las temperaturas, fundamentalmente hacia el fin de semana. El viento sur, que se intensificar\u00e1 este s\u00e1bado, traer\u00e1 alivio a la regi\u00f3n luego de un jueves muy caluroso.<\/p>\n<p>Para este viernes se aguardan temperaturas m\u00e1ximas de entre 29 y 30 grados. Ello se debe a que todav\u00eda persiste la humedad. En tanto, este s\u00e1bado las m\u00ednimas ser\u00e1n de 15, 16 y 17 grados y las m\u00e1ximas de 26 grados.<\/p>\n","protected":false},"excerpt":{"rendered":"<p>Finaliz\u00f3 el alerta que reg\u00eda en Entre R\u00edos, aunque persisten algunas inestabilidades aisladas hasta la tarde. Comenzar\u00e1 a mejorar el tiempo. Este s\u00e1bado habr\u00e1 m\u00e1s viento &nbsp; &nbsp; El Servicio Meteorol\u00f3gico Nacional \u2013SMN\u2013 inform\u00f3 que este viernes de ma\u00f1ana ces\u00f3 el alerta amarillo y naranja por tormentas que reg\u00eda sobre Entre R\u00edos, tras el temporal vivido en horas de la madrugada. Si bien se prev\u00e9n posibles inestabilidades en algunas zonas de la provincia, con algunos chaparrones aislados, se aguarda que progresivamente mejoren las condiciones del tiempo, sobre todo desde la&#8230;<\/p>\n","protected":false},"author":3,"featured_media":89008,"comment_status":"closed","ping_status":"closed","sticky":false,"template":"","format":"standard","meta":[],"categories":[15],"tags":[],"_links":{"self":[{"href":"https:\/\/www.actualidadadiario.com\/index.php\/wp-json\/wp\/v2\/posts\/123491"}],"collection":[{"href":"https:\/\/www.actualidadadiario.com\/index.php\/wp-json\/wp\/v2\/posts"}],"about":[{"href":"https:\/\/www.actualidadadiario.com\/index.php\/wp-json\/wp\/v2\/types\/post"}],"author":[{"embeddable":true,"href":"https:\/\/www.actualidadadiario.com\/index.php\/wp-json\/wp\/v2\/users\/3"}],"replies":[{"embeddable":true,"href":"https:\/\/www.actualidadadiario.com\/index.php\/wp-json\/wp\/v2\/comments?post=123491"}],"version-history":[{"count":1,"href":"https:\/\/www.actualidadadiario.com\/index.php\/wp-json\/wp\/v2\/posts\/123491\/revisions"}],"predecessor-version":[{"id":123492,"href":"https:\/\/www.actualidadadiario.com\/index.php\/wp-json\/wp\/v2\/posts\/123491\/revisions\/123492"}],"wp:featuredmedia":[{"embeddable":true,"href":"https:\/\/www.actualidadadiario.com\/index.php\/wp-json\/wp\/v2\/media\/89008"}],"wp:attachment":[{"href":"https:\/\/www.actualidadadiario.com\/index.php\/wp-json\/wp\/v2\/media?parent=123491"}],"wp:term":[{"taxonomy":"category","embeddable":true,"href":"https:\/\/www.actualidadadiario.com\/index.php\/wp-json\/wp\/v2\/categories?post=123491"},{"taxonomy":"post_tag","embeddable":true,"href":"https:\/\/www.actualidadadiario.com\/index.php\/wp-json\/wp\/v2\/tags?post=123491"}],"curies":[{"name":"wp","href":"https:\/\/api.w.org\/{rel}","templated":true}]}}