{"id":123484,"date":"2024-12-06T12:59:10","date_gmt":"2024-12-06T15:59:10","guid":{"rendered":"https:\/\/www.actualidadadiario.com\/?p=123484"},"modified":"2024-12-06T12:59:10","modified_gmt":"2024-12-06T15:59:10","slug":"oficializaron-las-fechas-de-asueto-y-receso-para-estatales-entrerrianos","status":"publish","type":"post","link":"https:\/\/www.actualidadadiario.com\/index.php\/2024\/12\/06\/oficializaron-las-fechas-de-asueto-y-receso-para-estatales-entrerrianos\/","title":{"rendered":"Oficializaron las fechas de asueto y receso para estatales entrerrianos"},"content":{"rendered":"<p style=\"text-align: center;\"><em><strong>A trav\u00e9s del Decreto N\u00ba 3.589\/24, el gobernador Rogelio Frigerio dispuso asueto los d\u00edas 23, 24, 30 y 31 del corriente mes a la Administraci\u00f3n P\u00fablica provincial. Asimismo, el receso administrativo estar\u00e1 comprendido entre el 2 y el 17 de enero de 2025, inclusive<\/strong><\/em><\/p>\n<p>&nbsp;<\/p>\n<p>&nbsp;<\/p>\n<p>Los alcances de la disposici\u00f3n del Poder Ejecutivo de Entre R\u00edos est\u00e1n contemplados en el Decreto 3.589, el cual fue dado a conocer este jueves. En sus primeros dos art\u00edculos, se determina que el asueto para el personal de la Administraci\u00f3n P\u00fablica Provincial ser\u00e1 los d\u00edas 23, 24, 30 y 31 de diciembre de 2024.<\/p>\n<p>Adem\u00e1s, se establece que el receso administrativo en el \u00e1mbito de la Administraci\u00f3n P\u00fablica Central operar\u00e1 durante el per\u00edodo comprendido entre el lunes 2 y el viernes 17 de enero de 2025, inclusive, el cual se computar\u00e1 a cuenta de la licencia anual ordinaria de los agentes.<\/p>\n","protected":false},"excerpt":{"rendered":"<p>A trav\u00e9s del Decreto N\u00ba 3.589\/24, el gobernador Rogelio Frigerio dispuso asueto los d\u00edas 23, 24, 30 y 31 del corriente mes a la Administraci\u00f3n P\u00fablica provincial. Asimismo, el receso administrativo estar\u00e1 comprendido entre el 2 y el 17 de enero de 2025, inclusive &nbsp; &nbsp; Los alcances de la disposici\u00f3n del Poder Ejecutivo de Entre R\u00edos est\u00e1n contemplados en el Decreto 3.589, el cual fue dado a conocer este jueves. En sus primeros dos art\u00edculos, se determina que el asueto para el personal de la Administraci\u00f3n P\u00fablica Provincial ser\u00e1&#8230;<\/p>\n","protected":false},"author":3,"featured_media":123485,"comment_status":"closed","ping_status":"closed","sticky":false,"template":"","format":"standard","meta":[],"categories":[15],"tags":[],"_links":{"self":[{"href":"https:\/\/www.actualidadadiario.com\/index.php\/wp-json\/wp\/v2\/posts\/123484"}],"collection":[{"href":"https:\/\/www.actualidadadiario.com\/index.php\/wp-json\/wp\/v2\/posts"}],"about":[{"href":"https:\/\/www.actualidadadiario.com\/index.php\/wp-json\/wp\/v2\/types\/post"}],"author":[{"embeddable":true,"href":"https:\/\/www.actualidadadiario.com\/index.php\/wp-json\/wp\/v2\/users\/3"}],"replies":[{"embeddable":true,"href":"https:\/\/www.actualidadadiario.com\/index.php\/wp-json\/wp\/v2\/comments?post=123484"}],"version-history":[{"count":1,"href":"https:\/\/www.actualidadadiario.com\/index.php\/wp-json\/wp\/v2\/posts\/123484\/revisions"}],"predecessor-version":[{"id":123486,"href":"https:\/\/www.actualidadadiario.com\/index.php\/wp-json\/wp\/v2\/posts\/123484\/revisions\/123486"}],"wp:featuredmedia":[{"embeddable":true,"href":"https:\/\/www.actualidadadiario.com\/index.php\/wp-json\/wp\/v2\/media\/123485"}],"wp:attachment":[{"href":"https:\/\/www.actualidadadiario.com\/index.php\/wp-json\/wp\/v2\/media?parent=123484"}],"wp:term":[{"taxonomy":"category","embeddable":true,"href":"https:\/\/www.actualidadadiario.com\/index.php\/wp-json\/wp\/v2\/categories?post=123484"},{"taxonomy":"post_tag","embeddable":true,"href":"https:\/\/www.actualidadadiario.com\/index.php\/wp-json\/wp\/v2\/tags?post=123484"}],"curies":[{"name":"wp","href":"https:\/\/api.w.org\/{rel}","templated":true}]}}