{"id":123476,"date":"2024-12-06T12:54:34","date_gmt":"2024-12-06T15:54:34","guid":{"rendered":"https:\/\/www.actualidadadiario.com\/?p=123476"},"modified":"2024-12-06T12:54:34","modified_gmt":"2024-12-06T15:54:34","slug":"se-promulgo-la-eliminacion-de-la-ley-de-gastos-reservados","status":"publish","type":"post","link":"https:\/\/www.actualidadadiario.com\/index.php\/2024\/12\/06\/se-promulgo-la-eliminacion-de-la-ley-de-gastos-reservados\/","title":{"rendered":"Se promulg\u00f3 la eliminaci\u00f3n de la Ley de Gastos Reservados"},"content":{"rendered":"<p style=\"text-align: center;\"><em><strong>El proyecto fue impulsado por el Ejecutivo, obtuvo media sanci\u00f3n en septiembre y fue aprobada por el Senado en noviembre. Esta norma expresa que \u201cen ning\u00fan caso, la informaci\u00f3n relativa a un cr\u00e9dito presupuestario podr\u00e1 ser declarada secreta o confidencial y\/o eximirse de su rendici\u00f3n ante los organismos de control correspondiente\u201d<\/strong><\/em><\/p>\n<p>&nbsp;<\/p>\n<p>&nbsp;<\/p>\n<p>A trav\u00e9s del Bolet\u00edn Oficial N\u00ba27.990 se promulg\u00f3 la anulaci\u00f3n de la Ley de Gastos Reservados, estableciendo que\u00a0 se \u201cproh\u00edbe la existencia de cr\u00e9ditos destinados a gastos reservados, secretos y\/o confidenciales y\/o clasificados; en ning\u00fan caso la informaci\u00f3n sobre un cr\u00e9dito presupuestario podr\u00e1 ser declarada secreta o confidencial; o ser eximida de su rendici\u00f3n ante los organismos de control\u201d.<\/p>\n<p>Cabe destacar que el proyecto fue enviado a la legislatura por el gobernador, Rogelio Frigerio, en agosto, obtuvo media sanci\u00f3n en septiembre y fue aprobada por el Senado en noviembre.<\/p>\n<p>Adem\u00e1s cuando se trat\u00f3 en Diputados el \u00fanico que cuestion\u00f3 el proyecto fue el libertario Roque Fleitas, que defendi\u00f3 el uso de gastos reservados para la seguridad del Estado, entre otras consideraciones. Dentro del Senado no hubo oposiciones a la iniciativa.<\/p>\n<p>Por su parte el diputado Marcelo L\u00f3pez (JxER), presidente de la comisi\u00f3n de Legislaci\u00f3n General, expres\u00f3 durante la sesi\u00f3n en la que se trat\u00f3 la iniciativa que\u00a0 &#8220;Entre R\u00edos es una de las 17 provincias que todav\u00eda mantienen el uso de estos fondos, ocultos \u2013en la rendici\u00f3n de sus cuentas\u2013 de la ciudadan\u00eda en general y de los organismos competentes para controlar el manejo de los recursos de todos los entrerrianos\u201d.<\/p>\n<p>Durante la sesi\u00f3n del Senado, Gustavo Vergara (Diamante \u2013 Juntos por Entre R\u00edos) explic\u00f3 que: \u201cEsta decisi\u00f3n del Poder Ejecutivo Provincial de derogar una ley que establec\u00eda la utilizaci\u00f3n de gastos reservados, implica gastos que no tienen la debida publicaci\u00f3n ni tampoco la debida rendici\u00f3n entre los organismos de control, si bien lo hemos dicho y acordado en la Comisi\u00f3n, el monto de cr\u00e9dito presupuestario disponible no es de significaci\u00f3n, creemos que sigue un buen mensaje hacia la comunidad que espera del Estado en general una mejor transparencia y un mejor acceso a la informaci\u00f3n\u201d.<\/p>\n","protected":false},"excerpt":{"rendered":"<p>El proyecto fue impulsado por el Ejecutivo, obtuvo media sanci\u00f3n en septiembre y fue aprobada por el Senado en noviembre. Esta norma expresa que \u201cen ning\u00fan caso, la informaci\u00f3n relativa a un cr\u00e9dito presupuestario podr\u00e1 ser declarada secreta o confidencial y\/o eximirse de su rendici\u00f3n ante los organismos de control correspondiente\u201d &nbsp; &nbsp; A trav\u00e9s del Bolet\u00edn Oficial N\u00ba27.990 se promulg\u00f3 la anulaci\u00f3n de la Ley de Gastos Reservados, estableciendo que\u00a0 se \u201cproh\u00edbe la existencia de cr\u00e9ditos destinados a gastos reservados, secretos y\/o confidenciales y\/o clasificados; en ning\u00fan caso la&#8230;<\/p>\n","protected":false},"author":3,"featured_media":122050,"comment_status":"closed","ping_status":"closed","sticky":false,"template":"","format":"standard","meta":[],"categories":[9],"tags":[],"_links":{"self":[{"href":"https:\/\/www.actualidadadiario.com\/index.php\/wp-json\/wp\/v2\/posts\/123476"}],"collection":[{"href":"https:\/\/www.actualidadadiario.com\/index.php\/wp-json\/wp\/v2\/posts"}],"about":[{"href":"https:\/\/www.actualidadadiario.com\/index.php\/wp-json\/wp\/v2\/types\/post"}],"author":[{"embeddable":true,"href":"https:\/\/www.actualidadadiario.com\/index.php\/wp-json\/wp\/v2\/users\/3"}],"replies":[{"embeddable":true,"href":"https:\/\/www.actualidadadiario.com\/index.php\/wp-json\/wp\/v2\/comments?post=123476"}],"version-history":[{"count":2,"href":"https:\/\/www.actualidadadiario.com\/index.php\/wp-json\/wp\/v2\/posts\/123476\/revisions"}],"predecessor-version":[{"id":123478,"href":"https:\/\/www.actualidadadiario.com\/index.php\/wp-json\/wp\/v2\/posts\/123476\/revisions\/123478"}],"wp:featuredmedia":[{"embeddable":true,"href":"https:\/\/www.actualidadadiario.com\/index.php\/wp-json\/wp\/v2\/media\/122050"}],"wp:attachment":[{"href":"https:\/\/www.actualidadadiario.com\/index.php\/wp-json\/wp\/v2\/media?parent=123476"}],"wp:term":[{"taxonomy":"category","embeddable":true,"href":"https:\/\/www.actualidadadiario.com\/index.php\/wp-json\/wp\/v2\/categories?post=123476"},{"taxonomy":"post_tag","embeddable":true,"href":"https:\/\/www.actualidadadiario.com\/index.php\/wp-json\/wp\/v2\/tags?post=123476"}],"curies":[{"name":"wp","href":"https:\/\/api.w.org\/{rel}","templated":true}]}}