{"id":12345,"date":"2017-05-31T10:01:00","date_gmt":"2017-05-31T13:01:00","guid":{"rendered":"http:\/\/actualidadadiario.com\/site\/?p=12345"},"modified":"2017-05-31T10:01:00","modified_gmt":"2017-05-31T13:01:00","slug":"donda-se-acerco-a-massa-porque-su-coalicion-expresa-la-diversidad","status":"publish","type":"post","link":"https:\/\/www.actualidadadiario.com\/index.php\/2017\/05\/31\/donda-se-acerco-a-massa-porque-su-coalicion-expresa-la-diversidad\/","title":{"rendered":"Donda se acerc\u00f3 a Massa porque su coalici\u00f3n &#8220;expresa la diversidad&#8221;"},"content":{"rendered":"<p><em><strong>La diputada por el Movimiento Libres del Sur, Victoria Donda, dijo que quiere &#8220;gobernar el pa\u00eds&#8221; por lo cual desea &#8220;ser parte de una coalici\u00f3n pol\u00edtica que pueda expresar la diversidad que hay en la sociedad&#8221;, en referencia a su acercamiento a la alianza electoral 1 Pa\u00eds, presentada por el titular del Frente Renovador (FR), Sergio Massa, y l\u00edder del GEN, Margarita Stolbizer<\/strong><\/em><\/p>\n<p>&nbsp;<\/p>\n<p>&nbsp;<\/p>\n<p>&nbsp;<\/p>\n<p>&#8220;No voy a liderar una coalici\u00f3n hacia la izquierda: yo quiero gobernar este pa\u00eds. Yo soy culturalmente de la izquierda, pero quiero gobernar, no quiero ser parte de la izquierda testimonial&#8221;, dijo Donda en declaraciones a la se\u00f1al de noticias TN.<\/p>\n<p>&nbsp;<\/p>\n<p>La representante de Libres del Sur, que hab\u00eda sonado como candidata a senadora del nuevo espacio, aunque declin\u00f3 brindar precisiones al respecto, agreg\u00f3 que &#8220;para poder cambiar las cosas en un mundo diverso hay que ser parte de esa diversidad. Yo quiero ser parte de una coalici\u00f3n pol\u00edtica que pueda expresar esa diversidad&#8221;.<\/p>\n<p>&nbsp;<\/p>\n<p>La legisladora sostuvo luego que eligi\u00f3 la cercan\u00eda con Massa porque &#8220;en eso de la corrupci\u00f3n es intachable. Si le hubiera podido comprobar una causa de corrupci\u00f3n ya lo hubieran hecho&#8221;, a\u00f1adi\u00f3.<\/p>\n<p>&nbsp;<\/p>\n<p>Asimismo, consider\u00f3 que el tigrense tiene un &#8220;gran valor que es su mujer, Malena&#8221; quien &#8220;recorre los barrios, ve cu\u00e1l es la realidad en cada una de las zonas y nos acerca el trabajo territorial&#8221;.<\/p>\n<p>&nbsp;<\/p>\n<p>Donda confi\u00f3 que est\u00e1n realizando un &#8220;gran trabajo en la provincia&#8221; donde afirm\u00f3 que las pol\u00edticas del gobierno de Mauricio Macri &#8220;no s\u00f3lo no hicieron nada para ir a la pobreza cero, sino que construy\u00f3 un escenario donde hay m\u00e1s pobreza&#8221;.<\/p>\n<p>&nbsp;<\/p>\n<p>En cuanto a la polarizaci\u00f3n entre el kirchnerismo y el macrismo para los comicios legislativos de octubre, Donda evalu\u00f3 que &#8220;es malo&#8221; porque &#8220;en una elecci\u00f3n legislativa, los \u00fanicos que quieren eso, son los que quieren que pierda la gente&#8221;.<\/p>\n<p>&nbsp;<\/p>\n<p>Ayer la coalici\u00f3n electoral 1Pa\u00eds realiz\u00f3 su primer acci\u00f3n conjunta en la ciudad de Mar del Plata, donde sus dirigentes, acompa\u00f1ados por sus equipos t\u00e9cnicos, presentaron sus propuestas al electorado local y plantearon que proponen &#8220;pelear por el bolsillo&#8221; y de &#8220;no darle aire&#8221; al kirchnerismo.<\/p>\n<p>&nbsp;<\/p>\n<p>La presentaci\u00f3n se realiz\u00f3 en un complejo de Playa Grande, donde Massa y Stolbizer estuvieron acompa\u00f1ados por dirigentes, concejales y diputados, con Javier Faroni, Ariel Ciano, H\u00e9ctor Rosso, Gabriel Pampin, Gabriel Curuchet y Mercedes Morro, entre otros.<\/p>\n<p>&nbsp;<\/p>\n<p>En referencia a 1Pais, el espacio de unidad para trabajar por un proyecto en com\u00fan presentado el pasado 25 de mayo, Massa se\u00f1al\u00f3 \u201c1Pa\u00eds nace con el objetivo de trabajar por la Argentina de las oportunidades para todos los argentinos, con un programa `Argentina presente y futuro\u00b4 con propuestas concretas en econom\u00eda, producci\u00f3n, trabajo, seguridad, educaci\u00f3n, salud, justicia, cultura&#8221;.<\/p>\n","protected":false},"excerpt":{"rendered":"<p>La diputada por el Movimiento Libres del Sur, Victoria Donda, dijo que quiere &#8220;gobernar el pa\u00eds&#8221; por lo cual desea &#8220;ser parte de una coalici\u00f3n pol\u00edtica que pueda expresar la diversidad que hay en la sociedad&#8221;, en referencia a su acercamiento a la alianza electoral 1 Pa\u00eds, presentada por el titular del Frente Renovador (FR), Sergio Massa, y l\u00edder del GEN, Margarita Stolbizer &nbsp; &nbsp; &nbsp; &#8220;No voy a liderar una coalici\u00f3n hacia la izquierda: yo quiero gobernar este pa\u00eds. Yo soy culturalmente de la izquierda, pero quiero gobernar, no&#8230;<\/p>\n","protected":false},"author":3,"featured_media":12346,"comment_status":"closed","ping_status":"closed","sticky":false,"template":"","format":"standard","meta":[],"categories":[18],"tags":[],"_links":{"self":[{"href":"https:\/\/www.actualidadadiario.com\/index.php\/wp-json\/wp\/v2\/posts\/12345"}],"collection":[{"href":"https:\/\/www.actualidadadiario.com\/index.php\/wp-json\/wp\/v2\/posts"}],"about":[{"href":"https:\/\/www.actualidadadiario.com\/index.php\/wp-json\/wp\/v2\/types\/post"}],"author":[{"embeddable":true,"href":"https:\/\/www.actualidadadiario.com\/index.php\/wp-json\/wp\/v2\/users\/3"}],"replies":[{"embeddable":true,"href":"https:\/\/www.actualidadadiario.com\/index.php\/wp-json\/wp\/v2\/comments?post=12345"}],"version-history":[{"count":1,"href":"https:\/\/www.actualidadadiario.com\/index.php\/wp-json\/wp\/v2\/posts\/12345\/revisions"}],"predecessor-version":[{"id":12347,"href":"https:\/\/www.actualidadadiario.com\/index.php\/wp-json\/wp\/v2\/posts\/12345\/revisions\/12347"}],"wp:featuredmedia":[{"embeddable":true,"href":"https:\/\/www.actualidadadiario.com\/index.php\/wp-json\/wp\/v2\/media\/12346"}],"wp:attachment":[{"href":"https:\/\/www.actualidadadiario.com\/index.php\/wp-json\/wp\/v2\/media?parent=12345"}],"wp:term":[{"taxonomy":"category","embeddable":true,"href":"https:\/\/www.actualidadadiario.com\/index.php\/wp-json\/wp\/v2\/categories?post=12345"},{"taxonomy":"post_tag","embeddable":true,"href":"https:\/\/www.actualidadadiario.com\/index.php\/wp-json\/wp\/v2\/tags?post=12345"}],"curies":[{"name":"wp","href":"https:\/\/api.w.org\/{rel}","templated":true}]}}