{"id":12342,"date":"2017-05-31T09:59:56","date_gmt":"2017-05-31T12:59:56","guid":{"rendered":"http:\/\/actualidadadiario.com\/site\/?p=12342"},"modified":"2017-05-31T09:59:56","modified_gmt":"2017-05-31T12:59:56","slug":"isela-costantini-yo-no-me-fui-de-aerolineas-fue-una-decision-de-dietrich","status":"publish","type":"post","link":"https:\/\/www.actualidadadiario.com\/index.php\/2017\/05\/31\/isela-costantini-yo-no-me-fui-de-aerolineas-fue-una-decision-de-dietrich\/","title":{"rendered":"Isela Costantini: \u201cYo no me fui de Aerol\u00edneas, fue una decisi\u00f3n de Dietrich\u201d"},"content":{"rendered":"<p><em><strong>La ex presidenta de la l\u00ednea de bandera rompi\u00f3 el silencio y revel\u00f3 el motivo de su salida. &#8220;Ten\u00edamos backgrounds diferentes y eso va generando un desgaste y un quiebre de confianza&#8221;, se\u00f1al\u00f3<\/strong><\/em><\/p>\n<p>&nbsp;<\/p>\n<p>&nbsp;<\/p>\n<p>&nbsp;<\/p>\n<p>Tras meses de silencio luego de su sorpresiva salida de la presidencia de Aerol\u00edneas Argentinas, Isela Costantini revel\u00f3 que su alejamiento de la empresa \u201cfue una decisi\u00f3n\u201d del ministro de Transporte Guillermo Dietrich, con quien se gener\u00f3 \u201cun quiebre de confianza\u201d.<\/p>\n<p>&nbsp;<\/p>\n<p>En di\u00e1logo con el canal de noticias LN+, la exfuncionaria cont\u00f3 que \u201cfue un momento dif\u00edcil\u201d porque \u201clos resultados hab\u00edan sido muy buenos\u201d. \u201cFue como un choque frontal, jam\u00e1s me hab\u00eda pasado&#8221;, defini\u00f3 Costantini.<\/p>\n<p>&nbsp;<\/p>\n<p>Consultada sobre por qu\u00e9 hab\u00edan pedido su salida si los n\u00fameros eran buenos, Isela explic\u00f3: \u201cYo ten\u00eda una forma muy diferente a la que ten\u00eda mi jefe a la hora de enfrentar un problema, a c\u00f3mo manejarlo y eso genera un desgaste\u201d.<\/p>\n<p>&nbsp;<\/p>\n<p>&#8220;Es doloroso, sent\u00ed como que me quedaba debi\u00e9ndoles algo a todo el equipo de Aerol\u00edneas. Siento que le dej\u00e9 algo importante a cada uno y eso es que son capaces de llevar la empresa adelante. Fue una sensaci\u00f3n de dolor, de desgarro&#8221;, cont\u00f3 Costantini.<\/p>\n","protected":false},"excerpt":{"rendered":"<p>La ex presidenta de la l\u00ednea de bandera rompi\u00f3 el silencio y revel\u00f3 el motivo de su salida. &#8220;Ten\u00edamos backgrounds diferentes y eso va generando un desgaste y un quiebre de confianza&#8221;, se\u00f1al\u00f3 &nbsp; &nbsp; &nbsp; Tras meses de silencio luego de su sorpresiva salida de la presidencia de Aerol\u00edneas Argentinas, Isela Costantini revel\u00f3 que su alejamiento de la empresa \u201cfue una decisi\u00f3n\u201d del ministro de Transporte Guillermo Dietrich, con quien se gener\u00f3 \u201cun quiebre de confianza\u201d. &nbsp; En di\u00e1logo con el canal de noticias LN+, la exfuncionaria cont\u00f3 que&#8230;<\/p>\n","protected":false},"author":3,"featured_media":12343,"comment_status":"closed","ping_status":"closed","sticky":false,"template":"","format":"standard","meta":[],"categories":[9],"tags":[],"_links":{"self":[{"href":"https:\/\/www.actualidadadiario.com\/index.php\/wp-json\/wp\/v2\/posts\/12342"}],"collection":[{"href":"https:\/\/www.actualidadadiario.com\/index.php\/wp-json\/wp\/v2\/posts"}],"about":[{"href":"https:\/\/www.actualidadadiario.com\/index.php\/wp-json\/wp\/v2\/types\/post"}],"author":[{"embeddable":true,"href":"https:\/\/www.actualidadadiario.com\/index.php\/wp-json\/wp\/v2\/users\/3"}],"replies":[{"embeddable":true,"href":"https:\/\/www.actualidadadiario.com\/index.php\/wp-json\/wp\/v2\/comments?post=12342"}],"version-history":[{"count":1,"href":"https:\/\/www.actualidadadiario.com\/index.php\/wp-json\/wp\/v2\/posts\/12342\/revisions"}],"predecessor-version":[{"id":12344,"href":"https:\/\/www.actualidadadiario.com\/index.php\/wp-json\/wp\/v2\/posts\/12342\/revisions\/12344"}],"wp:featuredmedia":[{"embeddable":true,"href":"https:\/\/www.actualidadadiario.com\/index.php\/wp-json\/wp\/v2\/media\/12343"}],"wp:attachment":[{"href":"https:\/\/www.actualidadadiario.com\/index.php\/wp-json\/wp\/v2\/media?parent=12342"}],"wp:term":[{"taxonomy":"category","embeddable":true,"href":"https:\/\/www.actualidadadiario.com\/index.php\/wp-json\/wp\/v2\/categories?post=12342"},{"taxonomy":"post_tag","embeddable":true,"href":"https:\/\/www.actualidadadiario.com\/index.php\/wp-json\/wp\/v2\/tags?post=12342"}],"curies":[{"name":"wp","href":"https:\/\/api.w.org\/{rel}","templated":true}]}}